{"id":5136,"date":"2023-02-22T19:41:03","date_gmt":"2023-02-22T17:41:03","guid":{"rendered":"https:\/\/reform.ee\/riigikogu-valimised-2023\/?p=5136"},"modified":"2023-05-08T15:16:55","modified_gmt":"2023-05-08T12:16:55","slug":"vilja-toomast-kuidas-tulla-toime-vaimse-tervise-kriisiga","status":"publish","type":"post","link":"https:\/\/reform.ee\/riigikogu-valimised-2023\/mustamae-ja-nomme\/uudis\/vilja-toomast-kuidas-tulla-toime-vaimse-tervise-kriisiga\/","title":{"rendered":"Vilja Toomast: kuidas tulla toime vaimse tervise kriisiga?"},"content":{"rendered":"\n<p><strong>Viimastel aastatel on meid tabanud erinevad kriisid: koroonaviiruse p\u00f5hjustatud tervisekriis, julgeolekukriis t\u00e4iemahulise s\u00f5ja t\u00f5ttu Ukrainas, millega kaasnes ka energias\u00f5da. Eelmise aasta l\u00f5puks tundsid paljud inimesed ka t\u00f5siseid majandusraskusi k\u00f5rge inflatsiooni ja \u00fcha kerkivate toiduhindade p\u00e4rast. Jah, nende kriiside p\u00f5hjused on v\u00e4ljaspool Eesti piire ja meie kontrolli alt v\u00e4ljas, aga tagaj\u00e4rgede eest pole keegi meist kaitstud, kirjutab Riigikogu Vaimse tervise toetusr\u00fchma esinaine Vilja Toomast.<\/strong><\/p>\n\n\n\n<p>Et kriisidega efektiivselt toime tulla, on vaja plaani. Valitsusel on plaanid kriisidest v\u00e4ljatulekuks olemas ja neid t\u00e4iendatakse pidevalt.<\/p>\n\n\n\n<p>\u00dcks suur \u00fchiskonnas levinud ja kasvav probleem on aga j\u00e4\u00e4nud tahaplaanile. Leian, et aeg on k\u00e4es v\u00f5i \u00f5igemini oli k\u00e4es juba eile, t\u00f6\u00f6tada valitsuse tasemel v\u00e4lja ka vaimse tervise kriisiga hakkamasaamise plaan.<\/p>\n\n\n\n<h3 class=\"wp-block-heading\"><strong>H\u00e4das Kahe Tartu linna jagu inimesi<\/strong><\/h3>\n\n\n\n<p>Iga neljas inimene kogeb aasta jooksul vaimse tervise probleeme ning igal aastal j\u00e4\u00e4b Eestis 200 000 inimest vajaliku vaimse tervise abita. Need on inimesed meie k\u00f5rvalt: \u00f5petajad, politseinikud, m\u00fc\u00fcjad, ajateenijad, bussijuhid, \u00f5ed, ehitajad ning seda rida v\u00f5ib j\u00e4tkata. Kas j\u00e4\u00e4me naiivselt lootma, et probleemid lahenevad iseenesest v\u00f5i laome vaimse tervise abile vundamendi, mis p\u00fcsib ka kriisides?<\/p>\n\n\n\n<p>Iga ravita j\u00e4\u00e4nud inimene kogeb haiguse t\u00f5ttu t\u00f6\u00f6- ja \u00f5piv\u00f5ime langust, mille tulemusel j\u00e4\u00e4dakse ilma haridusest v\u00f5i ei panustata oma v\u00f5imete kohaselt t\u00f6\u00f6turul. Lisaks isiklikele kannatustele saavad haigusest puudutatud ka l\u00e4hikondsed. Seega m\u00f5jutab vaimse tervise abi k\u00e4ttesaadavus palju suuremat hulka, kui otsesed abi vajajad.<\/p>\n\n\n\n<h3 class=\"wp-block-heading\"><strong>Ennetus on vaimse tervise abi vundament<\/strong><\/h3>\n\n\n\n<p>Vaimse tervise probleemidel on selge materiaalne m\u00f5ju, j\u00e4ttes iga-aastaselt Eesti majandusse kaitse-eelarve suuruse augu. OECD ja Euroopa Liidu hinnangul kaotab Eesti vaimse tervise probleemide t\u00f5ttu iga aasta 2,8% SKT-st, 2021. aasta kuludes t\u00e4hendab see pea miljardi euro suurust kulu. Sellest 320 miljonit on otsene kulu tervishoius ning 250 miljonit suurenenud kulu sotsiaaltoetustele.<\/p>\n\n\n\n<p>Elukaare\u00fclene vaimse tervise probleemide ennetus ja edendustegevused, \u00f5igeaegne ja kvaliteetne abi peavad saama normaalsuseks ning olema p\u00f5imitud k\u00f5ikidesse eluvaldkondadesse. Korralikult laotud ja tugeva vundamendi peale saab ehitada vaimse tervise s\u00fcsteemi, mis p\u00fcsib ka kriisidega. Usun, et oleksime juba esimese koroonakriisiga paremini toime tulnud kui vaimse tervise teemad oleksid loomulik osa hariduss\u00fcsteemis, sisejulgeolekus, meditsiinis\u00fcsteemis.<\/p>\n\n\n\n<h3 class=\"wp-block-heading\"><strong>Kuidas sul p\u00e4riselt l\u00e4heb?<\/strong><\/h3>\n\n\n\n<p>Ennetus ja m\u00e4rkamine algavad meist endist. Kas paneme t\u00e4hele, kui uni on h\u00e4iritud, s\u00f6\u00f6misharjumused muutunud v\u00f5i kadunud on motivatsioon teha asju, mis varem r\u00f5\u00f5mu pakkusid?<\/p>\n\n\n\n<p>Sageli me ei m\u00e4rka ise oma vaimse tervise halvenemise ohum\u00e4rke ja ei oska ennast koheselt abistada v\u00f5i abi otsida. Ka ei pruugi me alati \u00f5igesti reageerida, kui m\u00e4rkame, et l\u00e4hedane v\u00f5i t\u00f6\u00f6kaaslane v\u00f5iks vaimse tervise tuge vajada v\u00f5i oleme lihtsalt endaga liiga l\u00e4bi, et suudaksime teisele tuge pakkuda.<\/p>\n\n\n\n<p>Kahjuks on meil v\u00e4he ps\u00fchhiaatreid, ps\u00fchholooge ja n\u00f5ustajaid ning seet\u00f5ttu on ravisaamise j\u00e4rjekorrad pikad. Me saame aga ka palju ise \u00e4ra teha enne, kui olukord kriitiliseks muutub ja me spetsialisti poole p\u00f6\u00f6rduma peame.<\/p>\n\n\n\n<p>On rida organisatsioone, kes on v\u00e4lja t\u00f6\u00f6tanud vaimse tervise esmaabi p\u00f5him\u00f5tted. Samuti ka n\u00f5uanded, kuidas iga inimene saab toetada k\u00f5rvalolijaid. (Sotsiaaalkindlustusameti info- ja n\u00f5uande telefonid, eluliin.ee, peaasi.ee jne).<\/p>\n\n\n\n<p>Vaimse tervise esmaabi andmise oskus on sama oluline kui&nbsp;f\u00fc\u00fcsilise tervise esmaabi andmise oskus, kui mitte olulisemgi, arvestades iga j\u00e4rgneva kriisi s\u00fcgavamat j\u00e4lge vaimsele tervisele.<\/p>\n\n\n\n<p>Kui t\u00f6\u00f6kohtades on kohustuslik f\u00fc\u00fcsilise tervise esmaabiandja olemasolu, siis miks ei peaks kohustuslik olema ka vaimse tervise esmaabiandja olemasolu?<\/p>\n\n\n\n<p>Kui me \u00f5pime ennast vaimsete probleemide algfaasis aitama, oleme ka palju oskuslikumad teisi aitama. Igal inimesel on oma tutvusringkond. Kui igas sellises ringkonnas on v\u00e4hemalt \u00fcks vaimse tervise esmaabiandja, kes vaimse tervise raskustesse sattunud inimeselt k\u00fcsib: kuidas sul p\u00e4riselt l\u00e4heb ning oskab seej\u00e4rel tuge pakkuda, siis oleme vaimse tervise abi korralduses teinud suure arenguh\u00fcppe.<\/p>\n","protected":false},"excerpt":{"rendered":"<p>Viimastel aastatel on meid tabanud erinevad kriisid: koroonaviiruse p\u00f5hjustatud tervisekriis, julgeolekukriis t\u00e4iemahulise s\u00f5ja t\u00f5ttu Ukrainas, millega kaasnes ka energias\u00f5da. Eelmise aasta l\u00f5puks tundsid paljud inimesed ka t\u00f5siseid majandusraskusi k\u00f5rge inflatsiooni ja \u00fcha kerkivate toiduhindade p\u00e4rast. Jah, nende kriiside p\u00f5hjused on v\u00e4ljaspool Eesti piire ja meie kontrolli alt v\u00e4ljas, aga tagaj\u00e4rgede eest pole keegi meist kaitstud, [&hellip;]<\/p>\n","protected":false},"author":8,"featured_media":1200,"comment_status":"closed","ping_status":"open","sticky":false,"template":"","format":"standard","meta":{"_acf_changed":false,"footnotes":""},"categories":[1],"tags":[27,25],"class_list":["post-5136","post","type-post","status-publish","format-standard","has-post-thumbnail","hentry","category-maaratlemata","tag-ennetus","tag-vaimse-tervise-esmaabi"],"acf":[],"yoast_head":"<!-- This site is optimized with the Yoast SEO plugin v27.5 - https:\/\/yoast.com\/product\/yoast-seo-wordpress\/ -->\n<title>Vilja Toomast: kuidas tulla toime vaimse tervise kriisiga? | Reformierakond | Riigikogu valimised 2023<\/title>\n<meta name=\"description\" content=\"Viimastel aastatel on meid tabanud erinevad kriisid: koroonaviiruse p\u00f5hjustatud tervisekriis, julgeolekukriis t\u00e4iemahulise s\u00f5ja t\u00f5ttu Ukrainas, millega\" \/>\n<meta name=\"robots\" content=\"index, follow, max-snippet:-1, max-image-preview:large, max-video-preview:-1\" \/>\n<link rel=\"canonical\" href=\"https:\/\/reform.ee\/riigikogu-valimised-2023\/mustamae-ja-nomme\/uudis\/vilja-toomast-kuidas-tulla-toime-vaimse-tervise-kriisiga\/\" \/>\n<meta property=\"og:locale\" content=\"en_US\" \/>\n<meta property=\"og:type\" content=\"article\" \/>\n<meta property=\"og:title\" content=\"Vilja Toomast: kuidas tulla toime vaimse tervise kriisiga? | Reformierakond | Riigikogu valimised 2023\" \/>\n<meta property=\"og:description\" content=\"Viimastel aastatel on meid tabanud erinevad kriisid: koroonaviiruse p\u00f5hjustatud tervisekriis, julgeolekukriis t\u00e4iemahulise s\u00f5ja t\u00f5ttu Ukrainas, millega\" \/>\n<meta property=\"og:url\" content=\"https:\/\/reform.ee\/riigikogu-valimised-2023\/mustamae-ja-nomme\/uudis\/vilja-toomast-kuidas-tulla-toime-vaimse-tervise-kriisiga\/\" \/>\n<meta property=\"og:site_name\" content=\"Riigikogu valimised 2023\" \/>\n<meta property=\"article:publisher\" content=\"https:\/\/www.facebook.com\/reformierakond\" \/>\n<meta property=\"article:published_time\" content=\"2023-02-22T17:41:03+00:00\" \/>\n<meta property=\"article:modified_time\" content=\"2023-05-08T12:16:55+00:00\" \/>\n<meta property=\"og:image\" content=\"https:\/\/reform.ee\/riigikogu-valimised-2023\/wp-content\/uploads\/2022\/12\/Vilja_Toomast_riigikogu_valimised_2023.png\" \/>\n\t<meta property=\"og:image:width\" content=\"1024\" \/>\n\t<meta property=\"og:image:height\" content=\"683\" \/>\n\t<meta property=\"og:image:type\" content=\"image\/png\" \/>\n<meta name=\"author\" content=\"Sander Andla\" \/>\n<meta name=\"twitter:card\" content=\"summary_large_image\" \/>\n<meta name=\"twitter:creator\" content=\"@reformikad\" \/>\n<meta name=\"twitter:site\" content=\"@reformikad\" \/>\n<meta name=\"twitter:label1\" content=\"Written by\" \/>\n\t<meta name=\"twitter:data1\" content=\"Sander Andla\" \/>\n\t<meta name=\"twitter:label2\" content=\"Est. reading time\" \/>\n\t<meta name=\"twitter:data2\" content=\"3 minutes\" \/>\n<script type=\"application\/ld+json\" class=\"yoast-schema-graph\">{\"@context\":\"https:\\\/\\\/schema.org\",\"@graph\":[{\"@type\":\"Article\",\"@id\":\"https:\\\/\\\/reform.ee\\\/riigikogu-valimised-2023\\\/mustamae-ja-nomme\\\/uudis\\\/vilja-toomast-kuidas-tulla-toime-vaimse-tervise-kriisiga\\\/#article\",\"isPartOf\":{\"@id\":\"https:\\\/\\\/reform.ee\\\/riigikogu-valimised-2023\\\/mustamae-ja-nomme\\\/uudis\\\/vilja-toomast-kuidas-tulla-toime-vaimse-tervise-kriisiga\\\/\"},\"author\":{\"name\":\"Sander Andla\",\"@id\":\"https:\\\/\\\/reform.ee\\\/riigikogu-valimised-2023\\\/#\\\/schema\\\/person\\\/b88a6296e85bb80da00097794eefb7b4\"},\"headline\":\"Vilja Toomast: kuidas tulla toime vaimse tervise kriisiga?\",\"datePublished\":\"2023-02-22T17:41:03+00:00\",\"dateModified\":\"2023-05-08T12:16:55+00:00\",\"mainEntityOfPage\":{\"@id\":\"https:\\\/\\\/reform.ee\\\/riigikogu-valimised-2023\\\/mustamae-ja-nomme\\\/uudis\\\/vilja-toomast-kuidas-tulla-toime-vaimse-tervise-kriisiga\\\/\"},\"wordCount\":668,\"image\":{\"@id\":\"https:\\\/\\\/reform.ee\\\/riigikogu-valimised-2023\\\/mustamae-ja-nomme\\\/uudis\\\/vilja-toomast-kuidas-tulla-toime-vaimse-tervise-kriisiga\\\/#primaryimage\"},\"thumbnailUrl\":\"https:\\\/\\\/reform.ee\\\/riigikogu-valimised-2023\\\/wp-content\\\/uploads\\\/2022\\\/12\\\/Vilja_Toomast_riigikogu_valimised_2023.png\",\"keywords\":[\"ennetus\",\"vaimse tervise esmaabi\"],\"articleSection\":[\"M\u00e4\u00e4ratlemata\"],\"inLanguage\":\"en\"},{\"@type\":\"WebPage\",\"@id\":\"https:\\\/\\\/reform.ee\\\/riigikogu-valimised-2023\\\/mustamae-ja-nomme\\\/uudis\\\/vilja-toomast-kuidas-tulla-toime-vaimse-tervise-kriisiga\\\/\",\"url\":\"https:\\\/\\\/reform.ee\\\/riigikogu-valimised-2023\\\/mustamae-ja-nomme\\\/uudis\\\/vilja-toomast-kuidas-tulla-toime-vaimse-tervise-kriisiga\\\/\",\"name\":\"Vilja Toomast: kuidas tulla toime vaimse tervise kriisiga? | Reformierakond | Riigikogu valimised 2023\",\"isPartOf\":{\"@id\":\"https:\\\/\\\/reform.ee\\\/riigikogu-valimised-2023\\\/#website\"},\"primaryImageOfPage\":{\"@id\":\"https:\\\/\\\/reform.ee\\\/riigikogu-valimised-2023\\\/mustamae-ja-nomme\\\/uudis\\\/vilja-toomast-kuidas-tulla-toime-vaimse-tervise-kriisiga\\\/#primaryimage\"},\"image\":{\"@id\":\"https:\\\/\\\/reform.ee\\\/riigikogu-valimised-2023\\\/mustamae-ja-nomme\\\/uudis\\\/vilja-toomast-kuidas-tulla-toime-vaimse-tervise-kriisiga\\\/#primaryimage\"},\"thumbnailUrl\":\"https:\\\/\\\/reform.ee\\\/riigikogu-valimised-2023\\\/wp-content\\\/uploads\\\/2022\\\/12\\\/Vilja_Toomast_riigikogu_valimised_2023.png\",\"datePublished\":\"2023-02-22T17:41:03+00:00\",\"dateModified\":\"2023-05-08T12:16:55+00:00\",\"author\":{\"@id\":\"https:\\\/\\\/reform.ee\\\/riigikogu-valimised-2023\\\/#\\\/schema\\\/person\\\/b88a6296e85bb80da00097794eefb7b4\"},\"description\":\"Viimastel aastatel on meid tabanud erinevad kriisid: koroonaviiruse p\u00f5hjustatud tervisekriis, julgeolekukriis t\u00e4iemahulise s\u00f5ja t\u00f5ttu Ukrainas, millega\",\"breadcrumb\":{\"@id\":\"https:\\\/\\\/reform.ee\\\/riigikogu-valimised-2023\\\/mustamae-ja-nomme\\\/uudis\\\/vilja-toomast-kuidas-tulla-toime-vaimse-tervise-kriisiga\\\/#breadcrumb\"},\"inLanguage\":\"en\",\"potentialAction\":[{\"@type\":\"ReadAction\",\"target\":[\"https:\\\/\\\/reform.ee\\\/riigikogu-valimised-2023\\\/mustamae-ja-nomme\\\/uudis\\\/vilja-toomast-kuidas-tulla-toime-vaimse-tervise-kriisiga\\\/\"]}]},{\"@type\":\"ImageObject\",\"inLanguage\":\"en\",\"@id\":\"https:\\\/\\\/reform.ee\\\/riigikogu-valimised-2023\\\/mustamae-ja-nomme\\\/uudis\\\/vilja-toomast-kuidas-tulla-toime-vaimse-tervise-kriisiga\\\/#primaryimage\",\"url\":\"https:\\\/\\\/reform.ee\\\/riigikogu-valimised-2023\\\/wp-content\\\/uploads\\\/2022\\\/12\\\/Vilja_Toomast_riigikogu_valimised_2023.png\",\"contentUrl\":\"https:\\\/\\\/reform.ee\\\/riigikogu-valimised-2023\\\/wp-content\\\/uploads\\\/2022\\\/12\\\/Vilja_Toomast_riigikogu_valimised_2023.png\",\"width\":1024,\"height\":683,\"caption\":\"Vilja Toomast Riigikogu valimised 2023\"},{\"@type\":\"BreadcrumbList\",\"@id\":\"https:\\\/\\\/reform.ee\\\/riigikogu-valimised-2023\\\/mustamae-ja-nomme\\\/uudis\\\/vilja-toomast-kuidas-tulla-toime-vaimse-tervise-kriisiga\\\/#breadcrumb\",\"itemListElement\":[{\"@type\":\"ListItem\",\"position\":1,\"name\":\"Home\",\"item\":\"https:\\\/\\\/reform.ee\\\/riigikogu-valimised-2023\\\/\"},{\"@type\":\"ListItem\",\"position\":2,\"name\":\"Vilja Toomast: kuidas tulla toime vaimse tervise kriisiga?\"}]},{\"@type\":\"WebSite\",\"@id\":\"https:\\\/\\\/reform.ee\\\/riigikogu-valimised-2023\\\/#website\",\"url\":\"https:\\\/\\\/reform.ee\\\/riigikogu-valimised-2023\\\/\",\"name\":\"Riigikogu valimised 2023\",\"description\":\"Reformierakond\",\"potentialAction\":[{\"@type\":\"SearchAction\",\"target\":{\"@type\":\"EntryPoint\",\"urlTemplate\":\"https:\\\/\\\/reform.ee\\\/riigikogu-valimised-2023\\\/?s={search_term_string}\"},\"query-input\":{\"@type\":\"PropertyValueSpecification\",\"valueRequired\":true,\"valueName\":\"search_term_string\"}}],\"inLanguage\":\"en\"},{\"@type\":\"Person\",\"@id\":\"https:\\\/\\\/reform.ee\\\/riigikogu-valimised-2023\\\/#\\\/schema\\\/person\\\/b88a6296e85bb80da00097794eefb7b4\",\"name\":\"Sander Andla\",\"image\":{\"@type\":\"ImageObject\",\"inLanguage\":\"en\",\"@id\":\"https:\\\/\\\/secure.gravatar.com\\\/avatar\\\/8336fa6b32bcae0c6450b732cdb42d13f073422c4cdfab668fd02570ee6c9948?s=96&d=mm&r=g\",\"url\":\"https:\\\/\\\/secure.gravatar.com\\\/avatar\\\/8336fa6b32bcae0c6450b732cdb42d13f073422c4cdfab668fd02570ee6c9948?s=96&d=mm&r=g\",\"contentUrl\":\"https:\\\/\\\/secure.gravatar.com\\\/avatar\\\/8336fa6b32bcae0c6450b732cdb42d13f073422c4cdfab668fd02570ee6c9948?s=96&d=mm&r=g\",\"caption\":\"Sander Andla\"}}]}<\/script>\n<!-- \/ Yoast SEO plugin. -->","yoast_head_json":{"title":"Vilja Toomast: kuidas tulla toime vaimse tervise kriisiga? | Reformierakond | Riigikogu valimised 2023","description":"Viimastel aastatel on meid tabanud erinevad kriisid: koroonaviiruse p\u00f5hjustatud tervisekriis, julgeolekukriis t\u00e4iemahulise s\u00f5ja t\u00f5ttu Ukrainas, millega","robots":{"index":"index","follow":"follow","max-snippet":"max-snippet:-1","max-image-preview":"max-image-preview:large","max-video-preview":"max-video-preview:-1"},"canonical":"https:\/\/reform.ee\/riigikogu-valimised-2023\/mustamae-ja-nomme\/uudis\/vilja-toomast-kuidas-tulla-toime-vaimse-tervise-kriisiga\/","og_locale":"en_US","og_type":"article","og_title":"Vilja Toomast: kuidas tulla toime vaimse tervise kriisiga? | Reformierakond | Riigikogu valimised 2023","og_description":"Viimastel aastatel on meid tabanud erinevad kriisid: koroonaviiruse p\u00f5hjustatud tervisekriis, julgeolekukriis t\u00e4iemahulise s\u00f5ja t\u00f5ttu Ukrainas, millega","og_url":"https:\/\/reform.ee\/riigikogu-valimised-2023\/mustamae-ja-nomme\/uudis\/vilja-toomast-kuidas-tulla-toime-vaimse-tervise-kriisiga\/","og_site_name":"Riigikogu valimised 2023","article_publisher":"https:\/\/www.facebook.com\/reformierakond","article_published_time":"2023-02-22T17:41:03+00:00","article_modified_time":"2023-05-08T12:16:55+00:00","og_image":[{"width":1024,"height":683,"url":"https:\/\/reform.ee\/riigikogu-valimised-2023\/wp-content\/uploads\/2022\/12\/Vilja_Toomast_riigikogu_valimised_2023.png","type":"image\/png"}],"author":"Sander Andla","twitter_card":"summary_large_image","twitter_creator":"@reformikad","twitter_site":"@reformikad","twitter_misc":{"Written by":"Sander Andla","Est. reading time":"3 minutes"},"schema":{"@context":"https:\/\/schema.org","@graph":[{"@type":"Article","@id":"https:\/\/reform.ee\/riigikogu-valimised-2023\/mustamae-ja-nomme\/uudis\/vilja-toomast-kuidas-tulla-toime-vaimse-tervise-kriisiga\/#article","isPartOf":{"@id":"https:\/\/reform.ee\/riigikogu-valimised-2023\/mustamae-ja-nomme\/uudis\/vilja-toomast-kuidas-tulla-toime-vaimse-tervise-kriisiga\/"},"author":{"name":"Sander Andla","@id":"https:\/\/reform.ee\/riigikogu-valimised-2023\/#\/schema\/person\/b88a6296e85bb80da00097794eefb7b4"},"headline":"Vilja Toomast: kuidas tulla toime vaimse tervise kriisiga?","datePublished":"2023-02-22T17:41:03+00:00","dateModified":"2023-05-08T12:16:55+00:00","mainEntityOfPage":{"@id":"https:\/\/reform.ee\/riigikogu-valimised-2023\/mustamae-ja-nomme\/uudis\/vilja-toomast-kuidas-tulla-toime-vaimse-tervise-kriisiga\/"},"wordCount":668,"image":{"@id":"https:\/\/reform.ee\/riigikogu-valimised-2023\/mustamae-ja-nomme\/uudis\/vilja-toomast-kuidas-tulla-toime-vaimse-tervise-kriisiga\/#primaryimage"},"thumbnailUrl":"https:\/\/reform.ee\/riigikogu-valimised-2023\/wp-content\/uploads\/2022\/12\/Vilja_Toomast_riigikogu_valimised_2023.png","keywords":["ennetus","vaimse tervise esmaabi"],"articleSection":["M\u00e4\u00e4ratlemata"],"inLanguage":"en"},{"@type":"WebPage","@id":"https:\/\/reform.ee\/riigikogu-valimised-2023\/mustamae-ja-nomme\/uudis\/vilja-toomast-kuidas-tulla-toime-vaimse-tervise-kriisiga\/","url":"https:\/\/reform.ee\/riigikogu-valimised-2023\/mustamae-ja-nomme\/uudis\/vilja-toomast-kuidas-tulla-toime-vaimse-tervise-kriisiga\/","name":"Vilja Toomast: kuidas tulla toime vaimse tervise kriisiga? | Reformierakond | Riigikogu valimised 2023","isPartOf":{"@id":"https:\/\/reform.ee\/riigikogu-valimised-2023\/#website"},"primaryImageOfPage":{"@id":"https:\/\/reform.ee\/riigikogu-valimised-2023\/mustamae-ja-nomme\/uudis\/vilja-toomast-kuidas-tulla-toime-vaimse-tervise-kriisiga\/#primaryimage"},"image":{"@id":"https:\/\/reform.ee\/riigikogu-valimised-2023\/mustamae-ja-nomme\/uudis\/vilja-toomast-kuidas-tulla-toime-vaimse-tervise-kriisiga\/#primaryimage"},"thumbnailUrl":"https:\/\/reform.ee\/riigikogu-valimised-2023\/wp-content\/uploads\/2022\/12\/Vilja_Toomast_riigikogu_valimised_2023.png","datePublished":"2023-02-22T17:41:03+00:00","dateModified":"2023-05-08T12:16:55+00:00","author":{"@id":"https:\/\/reform.ee\/riigikogu-valimised-2023\/#\/schema\/person\/b88a6296e85bb80da00097794eefb7b4"},"description":"Viimastel aastatel on meid tabanud erinevad kriisid: koroonaviiruse p\u00f5hjustatud tervisekriis, julgeolekukriis t\u00e4iemahulise s\u00f5ja t\u00f5ttu Ukrainas, millega","breadcrumb":{"@id":"https:\/\/reform.ee\/riigikogu-valimised-2023\/mustamae-ja-nomme\/uudis\/vilja-toomast-kuidas-tulla-toime-vaimse-tervise-kriisiga\/#breadcrumb"},"inLanguage":"en","potentialAction":[{"@type":"ReadAction","target":["https:\/\/reform.ee\/riigikogu-valimised-2023\/mustamae-ja-nomme\/uudis\/vilja-toomast-kuidas-tulla-toime-vaimse-tervise-kriisiga\/"]}]},{"@type":"ImageObject","inLanguage":"en","@id":"https:\/\/reform.ee\/riigikogu-valimised-2023\/mustamae-ja-nomme\/uudis\/vilja-toomast-kuidas-tulla-toime-vaimse-tervise-kriisiga\/#primaryimage","url":"https:\/\/reform.ee\/riigikogu-valimised-2023\/wp-content\/uploads\/2022\/12\/Vilja_Toomast_riigikogu_valimised_2023.png","contentUrl":"https:\/\/reform.ee\/riigikogu-valimised-2023\/wp-content\/uploads\/2022\/12\/Vilja_Toomast_riigikogu_valimised_2023.png","width":1024,"height":683,"caption":"Vilja Toomast Riigikogu valimised 2023"},{"@type":"BreadcrumbList","@id":"https:\/\/reform.ee\/riigikogu-valimised-2023\/mustamae-ja-nomme\/uudis\/vilja-toomast-kuidas-tulla-toime-vaimse-tervise-kriisiga\/#breadcrumb","itemListElement":[{"@type":"ListItem","position":1,"name":"Home","item":"https:\/\/reform.ee\/riigikogu-valimised-2023\/"},{"@type":"ListItem","position":2,"name":"Vilja Toomast: kuidas tulla toime vaimse tervise kriisiga?"}]},{"@type":"WebSite","@id":"https:\/\/reform.ee\/riigikogu-valimised-2023\/#website","url":"https:\/\/reform.ee\/riigikogu-valimised-2023\/","name":"Riigikogu valimised 2023","description":"Reformierakond","potentialAction":[{"@type":"SearchAction","target":{"@type":"EntryPoint","urlTemplate":"https:\/\/reform.ee\/riigikogu-valimised-2023\/?s={search_term_string}"},"query-input":{"@type":"PropertyValueSpecification","valueRequired":true,"valueName":"search_term_string"}}],"inLanguage":"en"},{"@type":"Person","@id":"https:\/\/reform.ee\/riigikogu-valimised-2023\/#\/schema\/person\/b88a6296e85bb80da00097794eefb7b4","name":"Sander Andla","image":{"@type":"ImageObject","inLanguage":"en","@id":"https:\/\/secure.gravatar.com\/avatar\/8336fa6b32bcae0c6450b732cdb42d13f073422c4cdfab668fd02570ee6c9948?s=96&d=mm&r=g","url":"https:\/\/secure.gravatar.com\/avatar\/8336fa6b32bcae0c6450b732cdb42d13f073422c4cdfab668fd02570ee6c9948?s=96&d=mm&r=g","contentUrl":"https:\/\/secure.gravatar.com\/avatar\/8336fa6b32bcae0c6450b732cdb42d13f073422c4cdfab668fd02570ee6c9948?s=96&d=mm&r=g","caption":"Sander Andla"}}]}},"_links":{"self":[{"href":"https:\/\/reform.ee\/riigikogu-valimised-2023\/wp-json\/wp\/v2\/posts\/5136","targetHints":{"allow":["GET"]}}],"collection":[{"href":"https:\/\/reform.ee\/riigikogu-valimised-2023\/wp-json\/wp\/v2\/posts"}],"about":[{"href":"https:\/\/reform.ee\/riigikogu-valimised-2023\/wp-json\/wp\/v2\/types\/post"}],"author":[{"embeddable":true,"href":"https:\/\/reform.ee\/riigikogu-valimised-2023\/wp-json\/wp\/v2\/users\/8"}],"replies":[{"embeddable":true,"href":"https:\/\/reform.ee\/riigikogu-valimised-2023\/wp-json\/wp\/v2\/comments?post=5136"}],"version-history":[{"count":2,"href":"https:\/\/reform.ee\/riigikogu-valimised-2023\/wp-json\/wp\/v2\/posts\/5136\/revisions"}],"predecessor-version":[{"id":5138,"href":"https:\/\/reform.ee\/riigikogu-valimised-2023\/wp-json\/wp\/v2\/posts\/5136\/revisions\/5138"}],"wp:featuredmedia":[{"embeddable":true,"href":"https:\/\/reform.ee\/riigikogu-valimised-2023\/wp-json\/wp\/v2\/media\/1200"}],"wp:attachment":[{"href":"https:\/\/reform.ee\/riigikogu-valimised-2023\/wp-json\/wp\/v2\/media?parent=5136"}],"wp:term":[{"taxonomy":"category","embeddable":true,"href":"https:\/\/reform.ee\/riigikogu-valimised-2023\/wp-json\/wp\/v2\/categories?post=5136"},{"taxonomy":"post_tag","embeddable":true,"href":"https:\/\/reform.ee\/riigikogu-valimised-2023\/wp-json\/wp\/v2\/tags?post=5136"}],"curies":[{"name":"wp","href":"https:\/\/api.w.org\/{rel}","templated":true}]}}