{"id":5031,"date":"2023-02-17T12:40:12","date_gmt":"2023-02-17T10:40:12","guid":{"rendered":"https:\/\/reform.ee\/riigikogu-valimised-2023\/?p=5031"},"modified":"2023-05-08T15:16:56","modified_gmt":"2023-05-08T12:16:56","slug":"timo-suslov-ekre-ukraina-poliitika-viiks-meid-isolatsiooni-ja-paariaks","status":"publish","type":"post","link":"https:\/\/reform.ee\/riigikogu-valimised-2023\/harju-ja-raplamaa\/uudis\/timo-suslov-ekre-ukraina-poliitika-viiks-meid-isolatsiooni-ja-paariaks\/","title":{"rendered":"Timo Suslov: EKRE Ukraina-poliitika viiks meid isolatsiooni ja paariaks"},"content":{"rendered":"\n<p>EKRE maskid on taaskord langenud. Mida Mart Helme ja Varro Vooglaid kogu aeg r\u00e4\u00e4givad, sai EKRE esimehe Martin Helme intervjuus Postimehele 15.02 n\u00fc\u00fcd v\u00e4rskelt kinnitust. EKRE arvates on Eesti Ukrainat liiga palju aidanud ja s\u00f5da Ukrainas ei olevat kuidagi Eesti mure.<\/p>\n\n\n\n<p>\u00abNeid Javeline oleks pidanud andma teiste riikide ladudest,\u00bb\u00a0\u00fctleb Helme otse v\u00e4lja. Selline suhtumine on h\u00e4biv\u00e4\u00e4rne ja Eestile ohtlik. Kujutame n\u00fc\u00fcd korraks ette, kui Eesti peaminister omaks selliseid seisukohti. Euroopas oleksime samas liigas Ungariga. Pikemas plaanis j\u00e4\u00e4ksime isolatsiooni ja muutuksime paariariigiks. Seda Venemaa ainult ootabki. EKRE julgeolekupoliitika pale on egoism ja \u00fcksk\u00f5iksus, mitte rahvusriigi kaitse.<\/p>\n\n\n\n<p>Marin Helme \u00f6eldu viidatud Postimehe intervjuus on t\u00e4helepanu v\u00e4\u00e4riv. Ta \u00fctleb otse v\u00e4lja, et tema arvates on Eesti liiga palju Ukrainat toetanud, relvi peaksid andma \u00abteised\u00bb, s\u00f5jap\u00f5genikke peaksid aitama &#8220;teised&#8221;, Ukraina lippe on Eestis liiga palju, kaitsev\u00e4elased eesotsas Martin Heremiga \u00abei saa aru v\u00f5i ei taha millestki aru saada\u00bb. Ma ei liialda. Martin Helme intervjuud peaks lugema iga valija, kes plaanib h\u00e4\u00e4letada EKRE poolt, kuid kellele l\u00e4heb korda ka see, et Ukraina s\u00f5ja v\u00f5idaks.<\/p>\n\n\n\n<p>Mis on niisuguste s\u00f5numite eesm\u00e4rk?<\/p>\n\n\n\n<p>\u00dcheks ajendiks on Kaja Kallase valitsusele vastandudes p\u00fc\u00fcda kinni protestih\u00e4\u00e4led. Julgeoleku vaatevinklist on tegemist aga kohutava poliitilise avant\u00fc\u00fcriga. EKRE arvamust, nagu oleks Ukrainat liiga palju abistatud, ei jaga mitte \u00fckski teine P\u00f5hja- ja Ida-Euroopa riik (v\u00e4lja arvatud Ungari).<\/p>\n\n\n\n<p>Konservatiivne Poola, keda on EKRE poliitikud hea s\u00f5naga ikka eeskujuks toonud, on Ukraina k\u00f5ige suurem liitlane. Ja p\u00f5hjusega. Poolas on k\u00f5ik suuremad poliitilised j\u00f5ud aru saanud, mis Venemaal ja Ukrainas praegu toimub. \u00dcldse paistab sellest olevat aru saanud kogu vaba Euroopa. Venemaal igatsetakse impeeriumit. Ukrainas v\u00f5ideldakse iseseisvuse eest.<\/p>\n\n\n\n<p>Ei ole keeruline olla \u00f5igel pool ajalugu. Kui Venemaa l\u00f5petaks s\u00f5dimise, oleks see Ukraina s\u00f5ja l\u00f5pp. Kui Ukraina l\u00f5petaks s\u00f5dimise, oleks see Ukraina l\u00f5pp. Eesti peab olema Ukraina poolt. Kui Ukraina vajab Javeline, siis tuleb anda Javeline. Kui tanke, siis tanke. Kui lennukeid, siis lennukeid. Ja nii edasi. Olles agressorriigi Venemaa naaber, peab Eesti n\u00e4itama eeskuju oma v\u00f5imete piires. Tanke me anda ei saa, aga Javeline saame. Ja andsime. Ma olen uhke, et v\u00e4ike Eesti on alates eelmise aasta veebruarist n\u00e4idanud suurtele riikidele eeskuju ja seisnud Euroopa v\u00e4\u00e4rtuste eest ka ajal, kui L\u00e4\u00e4ne-Euroopa aeg-ajalt kahtles ja k\u00f5hkles.<\/p>\n\n\n\n<p>EKRE poliitika on Kremli unistus. Tore ju, kui r\u00e4\u00e4gime stiilis \u00ablas teised aitavad\u00bb. Mis viga oleks murda l\u00e4\u00e4nt \u00fckshaaval, nagu tikke topsis. Katsu sa aga tervet tikutopsi korraga puruks v\u00e4\u00e4nata. Sellest ei k\u00e4i j\u00f5ud \u00fcle. L\u00e4\u00e4ne \u00fchtsus on tohutult oluline. Kui Eestist saaks j\u00e4rgmine Ungari, oleks see l\u00fchiajaliselt piinlik, pikas perspektiivis kohutav. Ukraina kaotus oleks Eestile katastroof.<\/p>\n\n\n\n<p>\u00c4rme unusta, et Mart Helme \u00fctles Riigikogus j\u00e4rgmist: \u00abEKRE pole ei Venemaa poolt ega Ukraina poolt, vaid rahu poolt.\u00bb&nbsp;Martin Helme kavaldas, et muidugi on EKRE ikka Ukraina poolt, aga t\u00f5des Postimehe intervjuus, et abi Ukrainale on ikkagi liiga palju antud. Samuti avaldas Martin Helme kahetust, et nii palju Ukraina lippe on Eesti avalikus ruumis. Asetades ise EKRE nimekirja teisele kohale kandideerima Varro Vooglaiu, kes alles hiljuti emotsioonidehoos \u00fctles, et pole vahet, milline lipp Pika Hermanni tornis lehvib v\u00f5i millisesse kubermangu Eesti kuulub. Teiste erakondade nimekirjas niisuguste vaadetega mehi ega naisi ei leia.<\/p>\n\n\n\n<p>Ei olegi vahet, kas valid Varro, Mardi, Martini v\u00f5i hoopis kellegi teise EKRE-st (kellest EKRE poliitilised s\u00f5numid nagunii ei s\u00f5ltu). EKRE tahab v\u00e4ikest Eestit. Eestit, kes hoiab eemale omaette, k\u00f5hkleb, kehitab \u00f5lgu kriitilisel ajal. Euroopas on s\u00f5da, aga mis see meie asi on.<\/p>\n\n\n\n<p>Martin Helme ei m\u00f5ista, et Eesti ei saa j\u00e4\u00e4da mugavalt k\u00f5rvalvaatajaks. Jah, Eesti ei ole kineetilises s\u00f5jas. Pommid siia ei kuku. Seda, muide, ka t\u00e4nu NATO-le. Kui liitlased meid ei toetaks ja kollektiivne L\u00e4\u00e4ne vihmavari meid ei kataks, v\u00f5iksime end kiiresti leida Moldova ebastabiilsest olukorrast. \u00dcksinda oleksime kerge saak autoritaarsele juhile, kelle elu viimane eesm\u00e4rk n\u00e4ib olevat mingisugusegi impeeriumi taastamine. Tuleb t\u00f5deda, et EKRE kirutud globaliseerumine ja rahvusvaheliste organisatsioonidega liitumine ja liitlase omamine on Eestile ikkagi kasu toonud.<\/p>\n\n\n\n<p>Eesti pole Ukrainas toimuvast s\u00f5jast kaugeltki puutumata. V\u00e4lisluureameti raportit tsiteerides: \u00abPutin ei s\u00f5di mitte ainult Ukraina, vaid kogu L\u00e4\u00e4ne v\u00e4\u00e4rtuss\u00fcsteemiga, kuna on veendunud, et rahvusvaheliste suhete tulevik on autoritaarsete poliitiliste s\u00fcsteemide p\u00e4ralt, kes jagavad omavahel globaalsed m\u00f5jusf\u00e4\u00e4rid, sh s\u00f5jalise j\u00f5uga.\u00bb&nbsp;<\/p>\n\n\n\n<p>Martin Helme jaoks on meie V\u00e4lisluureamet kindlasti \u00fcks j\u00e4rjekordne s\u00fcvariigi \u00fcksus, aga kainelt m\u00f5tlev Eestit armastav inimene m\u00f5istab: Ukraina v\u00f5it on ka meie v\u00f5it. Ukraina kaotus oleks meiegi kaotus. See on l\u00fchidalt p\u00f5hjus, miks Eesti on aidanud Ukrainat nii palju, kui v\u00f5imalik. Seda abi tuleb j\u00e4tkata.<\/p>\n\n\n\n<p>V\u00e4lisluureameti juht Kaupo Rosin on raportit kommenteerides \u00f6elnud: \u00abJuhul kui Ukraina kaotab, siis on meil julgeoleku m\u00f5ttes katastroofiline pilt. Siis v\u00f5etakse ka Ukraina ressursid ja p\u00f6\u00f6ratakse need L\u00e4\u00e4ne, sh meie vastu. Venemaa saaks ainult julgustust. Ta n\u00e4eks, et s\u00f5da tasub \u00e4ra.\u00bb Martin Helme on julgeoleku teemades diletant ja eksitaja.<\/p>\n\n\n\n<p>\u00dchelt poolt \u00fctleb Helme, et \u201erelvaabi peavad andma need riigid, mis ise ei ole rinderiigid.\u201c Teisalt v\u00e4idab, et \u201esee on ebaadekvaatne jutt, et s\u00f5da Ukrainas on ka meie s\u00f5da\u201c. Ehk Eesti justkui on korraga rinderiik, teisalt nagu ei ole ka. Mida EKRE juht tahab m\u00f5ttesegaduses deklareerida, on see: aitame Ukrainat v\u00e4hem.<\/p>\n\n\n\n<p>See on p\u00f5him\u00f5tteliselt vale. Esiteks, kui Eestis ei ole s\u00f5da, siis miks mitte anda relvastust sinna, kus parajasti k\u00e4ib Venemaa suurejooneline demilitariseerimine? Teiseks, Eesti kaitsev\u00f5imet ei ole Ukraina abistamine v\u00e4hendanud. Seda on kinnitanud nii meie Kaitsev\u00e4e juhataja kui tegevteenistujad. Abiks antud moon ja muud s\u00f5jalised vahendid asendatakse uute ja parematega. Kogu abi, mis Ukraina on saanud, on l\u00e4inud \u00f5igesse kohta, \u00f5igel ajal ja \u00f5igeks eesm\u00e4rgiks. Eesti antud abi aitab p\u00e4\u00e4sta elusid ja t\u00f5rjuda agressorit. Aidata tuleb veel ja veel rohkem.<\/p>\n\n\n\n<p>Martin Helme mure Eesti kaitsev\u00f5ime p\u00e4rast on ilmselgelt teeseldud. Selles k\u00fcsimuses tasuks uskuda kindraleid, mitte populiste. Kas keegi t\u00f5simeeli arvab, et Helmed, Kingod, Urmas Reitelmann, Varro Vooglaid ja Kalle Gr\u00fcnthal tunnevad Eesti kaitsev\u00f5imet paremini, kui Martin Herem ja kindralmajor Veiko-Vello Palm?<\/p>\n\n\n\n<p>On t\u00e4nuv\u00e4\u00e4rt, et Martin Helme \u00fctleb siiralt kaitsev\u00e4elaste kohta: \u201eNad valetavad! See on veel eraldi suur skandaal, et avalikkusele valetatakse.\u201c \u00c4rgake \u00fcles, rahvuskonservatiivid. EKRE ei seisa teie huvide eest. EKRE arvates on s\u00fcvariik igal pool, tuleb v\u00e4lja, et isegi Kaitsev\u00e4es. EKRE paralleelmaailmas valetavad isegi need, kes igap\u00e4evaselt Eesti kaitsmise ja julgeoleku nimel vaeva n\u00e4evad.Suurem Eesti ja kokkuhoidev Euroopa tagab Ukraina v\u00f5idu<\/p>\n\n\n\n<p>Ajalugu on n\u00e4idanud, et \u00fcksi j\u00e4\u00e4des pole v\u00e4ikeriikidel lootust. T\u00e4na on Eesti rahvusvaheliselt seotum, kaitstum ja hinnatum kui eales varem. Meie h\u00e4\u00e4lt on kuulda. Meie tegudest v\u00f5etakse eeskuju. Hoiame seda. \u00c4rme kapseldu. Oleme suur Eesti. Ma loodan s\u00fcdamest, et v\u00e4ikese kartliku Eesti pooldajad ei saa Eesti juhtimise ohjasid mitte kunagi enda k\u00e4tte. See oleks Eestile hukatuslik.<\/p>\n","protected":false},"excerpt":{"rendered":"<p>EKRE maskid on taaskord langenud. Mida Mart Helme ja Varro Vooglaid kogu aeg r\u00e4\u00e4givad, sai EKRE esimehe Martin Helme intervjuus Postimehele 15.02 n\u00fc\u00fcd v\u00e4rskelt kinnitust. EKRE arvates on Eesti Ukrainat liiga palju aidanud ja s\u00f5da Ukrainas ei olevat kuidagi Eesti mure. \u00abNeid Javeline oleks pidanud andma teiste riikide ladudest,\u00bb\u00a0\u00fctleb Helme otse v\u00e4lja. Selline suhtumine on [&hellip;]<\/p>\n","protected":false},"author":6,"featured_media":1258,"comment_status":"closed","ping_status":"open","sticky":false,"template":"","format":"standard","meta":{"_acf_changed":false,"footnotes":""},"categories":[1],"tags":[],"class_list":["post-5031","post","type-post","status-publish","format-standard","has-post-thumbnail","hentry","category-maaratlemata"],"acf":[],"yoast_head":"<!-- This site is optimized with the Yoast SEO plugin v27.5 - https:\/\/yoast.com\/product\/yoast-seo-wordpress\/ -->\n<title>Timo Suslov: EKRE Ukraina-poliitika viiks meid isolatsiooni ja paariaks | Reformierakond | Riigikogu valimised 2023<\/title>\n<meta name=\"description\" content=\"EKRE maskid on taaskord langenud. Mida Mart Helme ja Varro Vooglaid kogu aeg r\u00e4\u00e4givad, sai EKRE esimehe Martin Helme intervjuus Postimehele 15.02 n\u00fc\u00fcd\" \/>\n<meta name=\"robots\" content=\"index, follow, max-snippet:-1, max-image-preview:large, max-video-preview:-1\" \/>\n<link rel=\"canonical\" href=\"https:\/\/reform.ee\/riigikogu-valimised-2023\/harju-ja-raplamaa\/uudis\/timo-suslov-ekre-ukraina-poliitika-viiks-meid-isolatsiooni-ja-paariaks\/\" \/>\n<meta property=\"og:locale\" content=\"en_US\" \/>\n<meta property=\"og:type\" content=\"article\" \/>\n<meta property=\"og:title\" content=\"Timo Suslov: EKRE Ukraina-poliitika viiks meid isolatsiooni ja paariaks | Reformierakond | Riigikogu valimised 2023\" \/>\n<meta property=\"og:description\" content=\"EKRE maskid on taaskord langenud. Mida Mart Helme ja Varro Vooglaid kogu aeg r\u00e4\u00e4givad, sai EKRE esimehe Martin Helme intervjuus Postimehele 15.02 n\u00fc\u00fcd\" \/>\n<meta property=\"og:url\" content=\"https:\/\/reform.ee\/riigikogu-valimised-2023\/harju-ja-raplamaa\/uudis\/timo-suslov-ekre-ukraina-poliitika-viiks-meid-isolatsiooni-ja-paariaks\/\" \/>\n<meta property=\"og:site_name\" content=\"Riigikogu valimised 2023\" \/>\n<meta property=\"article:publisher\" content=\"https:\/\/www.facebook.com\/reformierakond\" \/>\n<meta property=\"article:published_time\" content=\"2023-02-17T10:40:12+00:00\" \/>\n<meta property=\"article:modified_time\" content=\"2023-05-08T12:16:56+00:00\" \/>\n<meta property=\"og:image\" content=\"https:\/\/reform.ee\/riigikogu-valimised-2023\/wp-content\/uploads\/2022\/12\/Timo-Suslov-Riigikogu-valimised-2023-og.jpg\" \/>\n\t<meta property=\"og:image:width\" content=\"1200\" \/>\n\t<meta property=\"og:image:height\" content=\"630\" \/>\n\t<meta property=\"og:image:type\" content=\"image\/jpeg\" \/>\n<meta name=\"author\" content=\"Kristofer Rennel\" \/>\n<meta name=\"twitter:card\" content=\"summary_large_image\" \/>\n<meta name=\"twitter:image\" content=\"https:\/\/reform.ee\/riigikogu-valimised-2023\/wp-content\/uploads\/2022\/12\/Timo-Suslov-Riigikogu-valimised-2023-og.jpg\" \/>\n<meta name=\"twitter:creator\" content=\"@reformikad\" \/>\n<meta name=\"twitter:site\" content=\"@reformikad\" \/>\n<meta name=\"twitter:label1\" content=\"Written by\" \/>\n\t<meta name=\"twitter:data1\" content=\"Kristofer Rennel\" \/>\n\t<meta name=\"twitter:label2\" content=\"Est. reading time\" \/>\n\t<meta name=\"twitter:data2\" content=\"5 minutes\" \/>\n<script type=\"application\/ld+json\" class=\"yoast-schema-graph\">{\"@context\":\"https:\\\/\\\/schema.org\",\"@graph\":[{\"@type\":\"Article\",\"@id\":\"https:\\\/\\\/reform.ee\\\/riigikogu-valimised-2023\\\/harju-ja-raplamaa\\\/uudis\\\/timo-suslov-ekre-ukraina-poliitika-viiks-meid-isolatsiooni-ja-paariaks\\\/#article\",\"isPartOf\":{\"@id\":\"https:\\\/\\\/reform.ee\\\/riigikogu-valimised-2023\\\/harju-ja-raplamaa\\\/uudis\\\/timo-suslov-ekre-ukraina-poliitika-viiks-meid-isolatsiooni-ja-paariaks\\\/\"},\"author\":{\"name\":\"Kristofer Rennel\",\"@id\":\"https:\\\/\\\/reform.ee\\\/riigikogu-valimised-2023\\\/#\\\/schema\\\/person\\\/4bef389f0f042a7a689ceb38807e0bb6\"},\"headline\":\"Timo Suslov: EKRE Ukraina-poliitika viiks meid isolatsiooni ja paariaks\",\"datePublished\":\"2023-02-17T10:40:12+00:00\",\"dateModified\":\"2023-05-08T12:16:56+00:00\",\"mainEntityOfPage\":{\"@id\":\"https:\\\/\\\/reform.ee\\\/riigikogu-valimised-2023\\\/harju-ja-raplamaa\\\/uudis\\\/timo-suslov-ekre-ukraina-poliitika-viiks-meid-isolatsiooni-ja-paariaks\\\/\"},\"wordCount\":1210,\"image\":{\"@id\":\"https:\\\/\\\/reform.ee\\\/riigikogu-valimised-2023\\\/harju-ja-raplamaa\\\/uudis\\\/timo-suslov-ekre-ukraina-poliitika-viiks-meid-isolatsiooni-ja-paariaks\\\/#primaryimage\"},\"thumbnailUrl\":\"https:\\\/\\\/reform.ee\\\/riigikogu-valimised-2023\\\/wp-content\\\/uploads\\\/2022\\\/12\\\/Timo_Suslov_Riigikogu_valimised_2023.png\",\"articleSection\":[\"M\u00e4\u00e4ratlemata\"],\"inLanguage\":\"en\"},{\"@type\":\"WebPage\",\"@id\":\"https:\\\/\\\/reform.ee\\\/riigikogu-valimised-2023\\\/harju-ja-raplamaa\\\/uudis\\\/timo-suslov-ekre-ukraina-poliitika-viiks-meid-isolatsiooni-ja-paariaks\\\/\",\"url\":\"https:\\\/\\\/reform.ee\\\/riigikogu-valimised-2023\\\/harju-ja-raplamaa\\\/uudis\\\/timo-suslov-ekre-ukraina-poliitika-viiks-meid-isolatsiooni-ja-paariaks\\\/\",\"name\":\"Timo Suslov: EKRE Ukraina-poliitika viiks meid isolatsiooni ja paariaks | Reformierakond | Riigikogu valimised 2023\",\"isPartOf\":{\"@id\":\"https:\\\/\\\/reform.ee\\\/riigikogu-valimised-2023\\\/#website\"},\"primaryImageOfPage\":{\"@id\":\"https:\\\/\\\/reform.ee\\\/riigikogu-valimised-2023\\\/harju-ja-raplamaa\\\/uudis\\\/timo-suslov-ekre-ukraina-poliitika-viiks-meid-isolatsiooni-ja-paariaks\\\/#primaryimage\"},\"image\":{\"@id\":\"https:\\\/\\\/reform.ee\\\/riigikogu-valimised-2023\\\/harju-ja-raplamaa\\\/uudis\\\/timo-suslov-ekre-ukraina-poliitika-viiks-meid-isolatsiooni-ja-paariaks\\\/#primaryimage\"},\"thumbnailUrl\":\"https:\\\/\\\/reform.ee\\\/riigikogu-valimised-2023\\\/wp-content\\\/uploads\\\/2022\\\/12\\\/Timo_Suslov_Riigikogu_valimised_2023.png\",\"datePublished\":\"2023-02-17T10:40:12+00:00\",\"dateModified\":\"2023-05-08T12:16:56+00:00\",\"author\":{\"@id\":\"https:\\\/\\\/reform.ee\\\/riigikogu-valimised-2023\\\/#\\\/schema\\\/person\\\/4bef389f0f042a7a689ceb38807e0bb6\"},\"description\":\"EKRE maskid on taaskord langenud. Mida Mart Helme ja Varro Vooglaid kogu aeg r\u00e4\u00e4givad, sai EKRE esimehe Martin Helme intervjuus Postimehele 15.02 n\u00fc\u00fcd\",\"breadcrumb\":{\"@id\":\"https:\\\/\\\/reform.ee\\\/riigikogu-valimised-2023\\\/harju-ja-raplamaa\\\/uudis\\\/timo-suslov-ekre-ukraina-poliitika-viiks-meid-isolatsiooni-ja-paariaks\\\/#breadcrumb\"},\"inLanguage\":\"en\",\"potentialAction\":[{\"@type\":\"ReadAction\",\"target\":[\"https:\\\/\\\/reform.ee\\\/riigikogu-valimised-2023\\\/harju-ja-raplamaa\\\/uudis\\\/timo-suslov-ekre-ukraina-poliitika-viiks-meid-isolatsiooni-ja-paariaks\\\/\"]}]},{\"@type\":\"ImageObject\",\"inLanguage\":\"en\",\"@id\":\"https:\\\/\\\/reform.ee\\\/riigikogu-valimised-2023\\\/harju-ja-raplamaa\\\/uudis\\\/timo-suslov-ekre-ukraina-poliitika-viiks-meid-isolatsiooni-ja-paariaks\\\/#primaryimage\",\"url\":\"https:\\\/\\\/reform.ee\\\/riigikogu-valimised-2023\\\/wp-content\\\/uploads\\\/2022\\\/12\\\/Timo_Suslov_Riigikogu_valimised_2023.png\",\"contentUrl\":\"https:\\\/\\\/reform.ee\\\/riigikogu-valimised-2023\\\/wp-content\\\/uploads\\\/2022\\\/12\\\/Timo_Suslov_Riigikogu_valimised_2023.png\",\"width\":1024,\"height\":683,\"caption\":\"Timo Suslov Riigikogu valimised 2023\"},{\"@type\":\"BreadcrumbList\",\"@id\":\"https:\\\/\\\/reform.ee\\\/riigikogu-valimised-2023\\\/harju-ja-raplamaa\\\/uudis\\\/timo-suslov-ekre-ukraina-poliitika-viiks-meid-isolatsiooni-ja-paariaks\\\/#breadcrumb\",\"itemListElement\":[{\"@type\":\"ListItem\",\"position\":1,\"name\":\"Home\",\"item\":\"https:\\\/\\\/reform.ee\\\/riigikogu-valimised-2023\\\/\"},{\"@type\":\"ListItem\",\"position\":2,\"name\":\"Timo Suslov: EKRE Ukraina-poliitika viiks meid isolatsiooni ja paariaks\"}]},{\"@type\":\"WebSite\",\"@id\":\"https:\\\/\\\/reform.ee\\\/riigikogu-valimised-2023\\\/#website\",\"url\":\"https:\\\/\\\/reform.ee\\\/riigikogu-valimised-2023\\\/\",\"name\":\"Riigikogu valimised 2023\",\"description\":\"Reformierakond\",\"potentialAction\":[{\"@type\":\"SearchAction\",\"target\":{\"@type\":\"EntryPoint\",\"urlTemplate\":\"https:\\\/\\\/reform.ee\\\/riigikogu-valimised-2023\\\/?s={search_term_string}\"},\"query-input\":{\"@type\":\"PropertyValueSpecification\",\"valueRequired\":true,\"valueName\":\"search_term_string\"}}],\"inLanguage\":\"en\"},{\"@type\":\"Person\",\"@id\":\"https:\\\/\\\/reform.ee\\\/riigikogu-valimised-2023\\\/#\\\/schema\\\/person\\\/4bef389f0f042a7a689ceb38807e0bb6\",\"name\":\"Kristofer Rennel\",\"image\":{\"@type\":\"ImageObject\",\"inLanguage\":\"en\",\"@id\":\"https:\\\/\\\/secure.gravatar.com\\\/avatar\\\/a088e700647ea1b94a9bd0e427ed487668978dcb83348cd81a729335df378801?s=96&d=mm&r=g\",\"url\":\"https:\\\/\\\/secure.gravatar.com\\\/avatar\\\/a088e700647ea1b94a9bd0e427ed487668978dcb83348cd81a729335df378801?s=96&d=mm&r=g\",\"contentUrl\":\"https:\\\/\\\/secure.gravatar.com\\\/avatar\\\/a088e700647ea1b94a9bd0e427ed487668978dcb83348cd81a729335df378801?s=96&d=mm&r=g\",\"caption\":\"Kristofer Rennel\"}}]}<\/script>\n<!-- \/ Yoast SEO plugin. -->","yoast_head_json":{"title":"Timo Suslov: EKRE Ukraina-poliitika viiks meid isolatsiooni ja paariaks | Reformierakond | Riigikogu valimised 2023","description":"EKRE maskid on taaskord langenud. Mida Mart Helme ja Varro Vooglaid kogu aeg r\u00e4\u00e4givad, sai EKRE esimehe Martin Helme intervjuus Postimehele 15.02 n\u00fc\u00fcd","robots":{"index":"index","follow":"follow","max-snippet":"max-snippet:-1","max-image-preview":"max-image-preview:large","max-video-preview":"max-video-preview:-1"},"canonical":"https:\/\/reform.ee\/riigikogu-valimised-2023\/harju-ja-raplamaa\/uudis\/timo-suslov-ekre-ukraina-poliitika-viiks-meid-isolatsiooni-ja-paariaks\/","og_locale":"en_US","og_type":"article","og_title":"Timo Suslov: EKRE Ukraina-poliitika viiks meid isolatsiooni ja paariaks | Reformierakond | Riigikogu valimised 2023","og_description":"EKRE maskid on taaskord langenud. Mida Mart Helme ja Varro Vooglaid kogu aeg r\u00e4\u00e4givad, sai EKRE esimehe Martin Helme intervjuus Postimehele 15.02 n\u00fc\u00fcd","og_url":"https:\/\/reform.ee\/riigikogu-valimised-2023\/harju-ja-raplamaa\/uudis\/timo-suslov-ekre-ukraina-poliitika-viiks-meid-isolatsiooni-ja-paariaks\/","og_site_name":"Riigikogu valimised 2023","article_publisher":"https:\/\/www.facebook.com\/reformierakond","article_published_time":"2023-02-17T10:40:12+00:00","article_modified_time":"2023-05-08T12:16:56+00:00","og_image":[{"width":1200,"height":630,"url":"https:\/\/reform.ee\/riigikogu-valimised-2023\/wp-content\/uploads\/2022\/12\/Timo-Suslov-Riigikogu-valimised-2023-og.jpg","type":"image\/jpeg"}],"author":"Kristofer Rennel","twitter_card":"summary_large_image","twitter_image":"https:\/\/reform.ee\/riigikogu-valimised-2023\/wp-content\/uploads\/2022\/12\/Timo-Suslov-Riigikogu-valimised-2023-og.jpg","twitter_creator":"@reformikad","twitter_site":"@reformikad","twitter_misc":{"Written by":"Kristofer Rennel","Est. reading time":"5 minutes"},"schema":{"@context":"https:\/\/schema.org","@graph":[{"@type":"Article","@id":"https:\/\/reform.ee\/riigikogu-valimised-2023\/harju-ja-raplamaa\/uudis\/timo-suslov-ekre-ukraina-poliitika-viiks-meid-isolatsiooni-ja-paariaks\/#article","isPartOf":{"@id":"https:\/\/reform.ee\/riigikogu-valimised-2023\/harju-ja-raplamaa\/uudis\/timo-suslov-ekre-ukraina-poliitika-viiks-meid-isolatsiooni-ja-paariaks\/"},"author":{"name":"Kristofer Rennel","@id":"https:\/\/reform.ee\/riigikogu-valimised-2023\/#\/schema\/person\/4bef389f0f042a7a689ceb38807e0bb6"},"headline":"Timo Suslov: EKRE Ukraina-poliitika viiks meid isolatsiooni ja paariaks","datePublished":"2023-02-17T10:40:12+00:00","dateModified":"2023-05-08T12:16:56+00:00","mainEntityOfPage":{"@id":"https:\/\/reform.ee\/riigikogu-valimised-2023\/harju-ja-raplamaa\/uudis\/timo-suslov-ekre-ukraina-poliitika-viiks-meid-isolatsiooni-ja-paariaks\/"},"wordCount":1210,"image":{"@id":"https:\/\/reform.ee\/riigikogu-valimised-2023\/harju-ja-raplamaa\/uudis\/timo-suslov-ekre-ukraina-poliitika-viiks-meid-isolatsiooni-ja-paariaks\/#primaryimage"},"thumbnailUrl":"https:\/\/reform.ee\/riigikogu-valimised-2023\/wp-content\/uploads\/2022\/12\/Timo_Suslov_Riigikogu_valimised_2023.png","articleSection":["M\u00e4\u00e4ratlemata"],"inLanguage":"en"},{"@type":"WebPage","@id":"https:\/\/reform.ee\/riigikogu-valimised-2023\/harju-ja-raplamaa\/uudis\/timo-suslov-ekre-ukraina-poliitika-viiks-meid-isolatsiooni-ja-paariaks\/","url":"https:\/\/reform.ee\/riigikogu-valimised-2023\/harju-ja-raplamaa\/uudis\/timo-suslov-ekre-ukraina-poliitika-viiks-meid-isolatsiooni-ja-paariaks\/","name":"Timo Suslov: EKRE Ukraina-poliitika viiks meid isolatsiooni ja paariaks | Reformierakond | Riigikogu valimised 2023","isPartOf":{"@id":"https:\/\/reform.ee\/riigikogu-valimised-2023\/#website"},"primaryImageOfPage":{"@id":"https:\/\/reform.ee\/riigikogu-valimised-2023\/harju-ja-raplamaa\/uudis\/timo-suslov-ekre-ukraina-poliitika-viiks-meid-isolatsiooni-ja-paariaks\/#primaryimage"},"image":{"@id":"https:\/\/reform.ee\/riigikogu-valimised-2023\/harju-ja-raplamaa\/uudis\/timo-suslov-ekre-ukraina-poliitika-viiks-meid-isolatsiooni-ja-paariaks\/#primaryimage"},"thumbnailUrl":"https:\/\/reform.ee\/riigikogu-valimised-2023\/wp-content\/uploads\/2022\/12\/Timo_Suslov_Riigikogu_valimised_2023.png","datePublished":"2023-02-17T10:40:12+00:00","dateModified":"2023-05-08T12:16:56+00:00","author":{"@id":"https:\/\/reform.ee\/riigikogu-valimised-2023\/#\/schema\/person\/4bef389f0f042a7a689ceb38807e0bb6"},"description":"EKRE maskid on taaskord langenud. Mida Mart Helme ja Varro Vooglaid kogu aeg r\u00e4\u00e4givad, sai EKRE esimehe Martin Helme intervjuus Postimehele 15.02 n\u00fc\u00fcd","breadcrumb":{"@id":"https:\/\/reform.ee\/riigikogu-valimised-2023\/harju-ja-raplamaa\/uudis\/timo-suslov-ekre-ukraina-poliitika-viiks-meid-isolatsiooni-ja-paariaks\/#breadcrumb"},"inLanguage":"en","potentialAction":[{"@type":"ReadAction","target":["https:\/\/reform.ee\/riigikogu-valimised-2023\/harju-ja-raplamaa\/uudis\/timo-suslov-ekre-ukraina-poliitika-viiks-meid-isolatsiooni-ja-paariaks\/"]}]},{"@type":"ImageObject","inLanguage":"en","@id":"https:\/\/reform.ee\/riigikogu-valimised-2023\/harju-ja-raplamaa\/uudis\/timo-suslov-ekre-ukraina-poliitika-viiks-meid-isolatsiooni-ja-paariaks\/#primaryimage","url":"https:\/\/reform.ee\/riigikogu-valimised-2023\/wp-content\/uploads\/2022\/12\/Timo_Suslov_Riigikogu_valimised_2023.png","contentUrl":"https:\/\/reform.ee\/riigikogu-valimised-2023\/wp-content\/uploads\/2022\/12\/Timo_Suslov_Riigikogu_valimised_2023.png","width":1024,"height":683,"caption":"Timo Suslov Riigikogu valimised 2023"},{"@type":"BreadcrumbList","@id":"https:\/\/reform.ee\/riigikogu-valimised-2023\/harju-ja-raplamaa\/uudis\/timo-suslov-ekre-ukraina-poliitika-viiks-meid-isolatsiooni-ja-paariaks\/#breadcrumb","itemListElement":[{"@type":"ListItem","position":1,"name":"Home","item":"https:\/\/reform.ee\/riigikogu-valimised-2023\/"},{"@type":"ListItem","position":2,"name":"Timo Suslov: EKRE Ukraina-poliitika viiks meid isolatsiooni ja paariaks"}]},{"@type":"WebSite","@id":"https:\/\/reform.ee\/riigikogu-valimised-2023\/#website","url":"https:\/\/reform.ee\/riigikogu-valimised-2023\/","name":"Riigikogu valimised 2023","description":"Reformierakond","potentialAction":[{"@type":"SearchAction","target":{"@type":"EntryPoint","urlTemplate":"https:\/\/reform.ee\/riigikogu-valimised-2023\/?s={search_term_string}"},"query-input":{"@type":"PropertyValueSpecification","valueRequired":true,"valueName":"search_term_string"}}],"inLanguage":"en"},{"@type":"Person","@id":"https:\/\/reform.ee\/riigikogu-valimised-2023\/#\/schema\/person\/4bef389f0f042a7a689ceb38807e0bb6","name":"Kristofer Rennel","image":{"@type":"ImageObject","inLanguage":"en","@id":"https:\/\/secure.gravatar.com\/avatar\/a088e700647ea1b94a9bd0e427ed487668978dcb83348cd81a729335df378801?s=96&d=mm&r=g","url":"https:\/\/secure.gravatar.com\/avatar\/a088e700647ea1b94a9bd0e427ed487668978dcb83348cd81a729335df378801?s=96&d=mm&r=g","contentUrl":"https:\/\/secure.gravatar.com\/avatar\/a088e700647ea1b94a9bd0e427ed487668978dcb83348cd81a729335df378801?s=96&d=mm&r=g","caption":"Kristofer Rennel"}}]}},"_links":{"self":[{"href":"https:\/\/reform.ee\/riigikogu-valimised-2023\/wp-json\/wp\/v2\/posts\/5031","targetHints":{"allow":["GET"]}}],"collection":[{"href":"https:\/\/reform.ee\/riigikogu-valimised-2023\/wp-json\/wp\/v2\/posts"}],"about":[{"href":"https:\/\/reform.ee\/riigikogu-valimised-2023\/wp-json\/wp\/v2\/types\/post"}],"author":[{"embeddable":true,"href":"https:\/\/reform.ee\/riigikogu-valimised-2023\/wp-json\/wp\/v2\/users\/6"}],"replies":[{"embeddable":true,"href":"https:\/\/reform.ee\/riigikogu-valimised-2023\/wp-json\/wp\/v2\/comments?post=5031"}],"version-history":[{"count":4,"href":"https:\/\/reform.ee\/riigikogu-valimised-2023\/wp-json\/wp\/v2\/posts\/5031\/revisions"}],"predecessor-version":[{"id":5036,"href":"https:\/\/reform.ee\/riigikogu-valimised-2023\/wp-json\/wp\/v2\/posts\/5031\/revisions\/5036"}],"wp:featuredmedia":[{"embeddable":true,"href":"https:\/\/reform.ee\/riigikogu-valimised-2023\/wp-json\/wp\/v2\/media\/1258"}],"wp:attachment":[{"href":"https:\/\/reform.ee\/riigikogu-valimised-2023\/wp-json\/wp\/v2\/media?parent=5031"}],"wp:term":[{"taxonomy":"category","embeddable":true,"href":"https:\/\/reform.ee\/riigikogu-valimised-2023\/wp-json\/wp\/v2\/categories?post=5031"},{"taxonomy":"post_tag","embeddable":true,"href":"https:\/\/reform.ee\/riigikogu-valimised-2023\/wp-json\/wp\/v2\/tags?post=5031"}],"curies":[{"name":"wp","href":"https:\/\/api.w.org\/{rel}","templated":true}]}}