{"id":5028,"date":"2023-02-17T12:35:27","date_gmt":"2023-02-17T10:35:27","guid":{"rendered":"https:\/\/reform.ee\/riigikogu-valimised-2023\/?p=5028"},"modified":"2023-05-08T15:16:56","modified_gmt":"2023-05-08T12:16:56","slug":"meelis-kiili-ukraina-soja-kolm-stsenaariumit","status":"publish","type":"post","link":"https:\/\/reform.ee\/riigikogu-valimised-2023\/ida-virumaa\/uudis\/meelis-kiili-ukraina-soja-kolm-stsenaariumit\/","title":{"rendered":"Meelis Kiili: <strong>Ukraina s\u00f5ja kolm stsenaariumit<\/strong>"},"content":{"rendered":"\n<p>L\u00e4henemas on Vene F\u00f6deratsiooni algatatud Ukraina-vastase agressiooni aastap\u00e4ev. Mis on selle aasta jooksul muutunud ja kas on oodata s\u00f5ja olulist \u00fcmberkujunemist l\u00e4hitulevikus?<\/p>\n\n\n\n<p>Uudistes n\u00e4eme iga p\u00e4ev s\u00f5jateatri taktikalisi muutusi, kuid selle k\u00fcsimuse prognoosimiseks on vaja kasutada oluliselt laiemat k\u00e4sitlust. Esiteks, s\u00f5da ei peeta kunagi s\u00f5dimise enda p\u00e4rast. S\u00f5da ja lahingutegevus peab tagama v\u00f5i toetama poliitiliste eesm\u00e4rkide t\u00e4itmist. Putini re\u017eiimi strateegiline eesm\u00e4rk on peatada NATO laienemine ja Ukraina integratsioon transatlantilisse kultuuriruumi. See siht ei ole muutunud; t\u00f5si, s\u00f5jaline tegevus ei ole siiani selle eesm\u00e4rgi t\u00e4itumist taganud, kuid pole ka m\u00e4rke, et Putini re\u017eiim oleks valmis sellest loobuma.<br>Samas on Venemaa olnud sunnitud muutma oma lahingutegevuse kontseptsiooni, kuna tegemist on olnud valearvestustele rajatud tegevusmudelitega. Agressioon algas v\u00e4lks\u00f5ja k\u00e4sitlusviisiga usus, et Ukraina \u00fchiskond ootab vabastamist. Tegelikkuses toimus Ukraina elanikkonna konsolideerumine \u00fchtseks rahvuseks.<\/p>\n\n\n\n<p>Et lahinguv\u00e4ljal oodatud edu pole saabunud, t\u00f6\u00f6tati v\u00e4lja uus l\u00e4henemine, milleks oli katse h\u00e4vitada Ukraina majandus, andes massiivseid raketil\u00f6\u00f6ke elut\u00e4htsaid teenuseid tagava infrastruktuuri pihta. Ukraina on suutnud \u00fcles ehitada v\u00e4ga hea \u00f5hukaitses\u00fcsteemi, pretsedenditult suur hulk tiibrakette suudetakse elimineerida enne sihtm\u00e4rgile j\u00f5udmist. Kuigi energiataristu on t\u00f5siselt h\u00e4iritud, on Ukraina v\u00f5ime seda taastada parem, kui agressor oskas arvestada. Samuti on tekkinud rida mikrov\u00f5rke portatiivsete generaatorite baasil. Ka Venemaa praegune kontseptsioon pole edu toonud, t\u00f5en\u00e4oliselt on venelaste kasutatud rakettide kogus ka oluliselt suurem kui uute tootmise v\u00f5ime.<br><br>Seega v\u00f5ib t\u00f5en\u00e4oliselt oodata taas suunamuutust, seda enam, et operatsiooni juhib n\u00fc\u00fcd kindralstaabi \u00fclem Valeri Gerassimov isiklikult. Et agressioonile eelnenud perioodi as\u00fcmmeetrilised operatsioonid olid suhteliselt edukad, v\u00f5idakse teha katse intensiivistada tegevusi mitmetes Ukraina ja teda toetavate riikide eluvaldkondades, mis v\u00f5ivad halvata nende tavap\u00e4rast elukorraldust.<br><br>Edasiste stsenaariumite konstrueerimisel peab arvestama j\u00e4rgmiste faktoritega.<br><br>Tegemist on s\u00f5jaga tuumariigi ja tuumaarsenali mitte omava riigi vahel. Kuigi v\u00e4hese t\u00f5en\u00e4osusega, ei saa kahjuks v\u00e4listada ka mustemat stsenaariumi, kus osa Ukrainat v\u00f5idakse muuta elamisk\u00f5lbmatuks puhvertsooniks.<br>Putin ei loobu s\u00f5jast ja Ukraina ei loobu territoriaalsest terviklikkusest. Kiirete ja kardinaalsete muutuste eelduseks on \u00fche poole loobumine oma poliitilistest strateegilistest eesm\u00e4rkidest. Seda pole l\u00e4hitulevikus ette n\u00e4ha.<br>Nii Venemaa kui ka Ukraina on kaotanud suure osa kogenud relvaj\u00f5udude isikkoosseisust. Vastasseis on reservidel p\u00f5hineva v\u00e4e m\u00f5\u00f5duv\u00f5tmine. Siinkohal on eelis Ukrainal, kuna nende isikkoosseisul on kodumaa kaitsmise k\u00f5rge motivatsioon.<br>M\u00f5lemad vaenupooled on \u00f5ppinud ja viinud sisse muudatusi lahingupidamises. Vale oleks eeldada, et Venemaa ei ole v\u00f5imeline muutuma ja \u00f5ppima vigadest.<\/p>\n\n\n\n<p>Kui j\u00e4tkusuutlik on Ukrainat toetava koalitsiooni tahe? Kui h\u00e4sti on l\u00e4\u00e4neriigid aru saanud k\u00e4imasoleva konflikti suurusj\u00e4rgust ja m\u00f5judest \u00fcleilmsele julgeolekuarhitektuurile?<br>\u00dcldiselt v\u00f5ib konstrueerida kolm v\u00f5imalikku stsenaariumit eelolevaks 2023. aastaks.<br>Esimene variant on, et Ukraina taastab oma territoriaalse terviklikkuse. Kui Ukraina on v\u00f5imeline saavutama kontrolli Melitopoli \u00fcle ja liikuma Aasovi mereni, l\u00f5igates l\u00e4bi Vene F\u00f6deratsiooni varustusteed Krimmi, siis loob see strateegilise eeltingimuse kaotatud territooriumite naasmiseks emamaa r\u00fcppe. S\u00f5jaline m\u00f5\u00f5duv\u00f5tmine on tahte ja logistika s\u00fcsteemide test. Kaitsetahte osas on suur eelis Ukrainal, logistikaga on m\u00f5lemal poolel v\u00e4ljakutseid, kuid Ukraina on suutnud paremini kohaneda.<br><br>Teine variant on, et konflikt j\u00e4\u00e4b venima. Et Venemaa v\u00f5imurite re\u017eiimil on t\u00e4ielik kontroll ja hirmuefekt oma \u00fchiskonna \u00fcle, siis riigisisene muutus, mis toob kaasa v\u00f5imu vahetumise, on ebat\u00f5en\u00e4oline. Samas, s\u00f5ja kulud ja sanktsioonide \u00fcha s\u00fcvenev m\u00f5ju Vene F\u00f6deratsiooni majandusele kasvatavad rahulolematust, sh poliitilise eliidi hulgas, kelle eneseunustuslik toetus s\u00f5ja j\u00e4tkumisele v\u00f5ib oluliselt langeda. V\u00f5tmek\u00fcsimuseks on, kui suureks kompromissiks oleks Venemaa eliit valmis.<br>Kolmas variant on Venemaa t\u00e4ielik s\u00f5jaline l\u00fc\u00fcasaamine lahinguv\u00e4ljal. Seda versiooni toetab endine USA kindral Ben Hodges, kes on hinnanud konflikti ja vaenupoolte arenguid s\u00f5ja puhkemisest. Ukrainlased on selgelt paremini v\u00e4ljakutsetega hakkama saanud. Nad s\u00f5divad targemini, s\u00e4\u00e4stlikult ja annavad oma juhtidele \u00fclesande koos vabadusega lahendada see parimal moel. Teisis\u00f5nu, nad rakendavad \u00fclesandep\u00f5hist juhtimist. Vene pool on samuti \u00f5ppinud oma vigadest, kuid kuna neil on traditsiooniliselt k\u00e4sup\u00f5hine juhtimine, siis lahingum\u00e4\u00e4rustike muutmine on ebat\u00f5en\u00e4oline ja me n\u00e4eme j\u00e4tkuvalt massidele orienteeritud ja suurte ohvritega lahendeid.<\/p>\n\n\n\n<p>Milline variant realiseerub, s\u00f5ltub sellest, milline on Vene v\u00e4gede peagi algava suurpealetungi tulem. Venelaste otsustav v\u00f5it on ebat\u00f5en\u00e4oline, kuid konflikti venimine paraku mitte.<br>Kas Gerassimov toob m\u00e4ngu muut\u00fcse ja teeb midagi, mis muudab radikaalselt konflikti k\u00e4iku? Gerassimov on k\u00fcll avatud m\u00f5tlemisega, kuid mitte vision\u00e4\u00e4r. As\u00fcmmeetrilise s\u00f5japidamise idee autor on tegelikult kindral Kartapolov. Seega, v\u00f5ttes arvesse k\u00f5ikide suurte s\u00fcsteemide, sh relvaj\u00f5udude inertsi, kardinaalset muutust s\u00f5jategevusse ilmselt oodata ei ole. K\u00fcll aga hakkavad ilmselt suured s\u00f5jakulud ka Venemaa tegevusi m\u00f5jutama. Ohu definitsioon on, et see koosneb kolmest elemendist, milleks on vastase kavatsus, tema v\u00f5imed ja talle pakutavad v\u00f5imalused. Kavatsust ei ole muudetud, kuid selle saavutamise perspektiivid Putinile kahanevad, kuna kasutatav ressurss v\u00e4heneb oluliselt. Samuti on rahvusvaheline, eriti l\u00e4\u00e4neriikide reaktsioon toimuvale oluliselt ahendanud Kremli re\u017eiimi v\u00f5imalusi. Hoiame m\u00f5\u00f5dukat optimismi ja teeme endast oleneva, et Ukraina ja meie enda suver\u00e4\u00e4nsus oleks hoitud ja kaitstud.<\/p>\n","protected":false},"excerpt":{"rendered":"<p>L\u00e4henemas on Vene F\u00f6deratsiooni algatatud Ukraina-vastase agressiooni aastap\u00e4ev. Mis on selle aasta jooksul muutunud ja kas on oodata s\u00f5ja olulist \u00fcmberkujunemist l\u00e4hitulevikus? Uudistes n\u00e4eme iga p\u00e4ev s\u00f5jateatri taktikalisi muutusi, kuid selle k\u00fcsimuse prognoosimiseks on vaja kasutada oluliselt laiemat k\u00e4sitlust. Esiteks, s\u00f5da ei peeta kunagi s\u00f5dimise enda p\u00e4rast. S\u00f5da ja lahingutegevus peab tagama v\u00f5i toetama poliitiliste [&hellip;]<\/p>\n","protected":false},"author":6,"featured_media":1944,"comment_status":"closed","ping_status":"open","sticky":false,"template":"","format":"standard","meta":{"_acf_changed":false,"footnotes":""},"categories":[1],"tags":[],"class_list":["post-5028","post","type-post","status-publish","format-standard","has-post-thumbnail","hentry","category-maaratlemata"],"acf":[],"yoast_head":"<!-- This site is optimized with the Yoast SEO plugin v27.5 - https:\/\/yoast.com\/product\/yoast-seo-wordpress\/ -->\n<title>Meelis Kiili: Ukraina s\u00f5ja kolm stsenaariumit | Reformierakond | Riigikogu valimised 2023<\/title>\n<meta name=\"description\" content=\"L\u00e4henemas on Vene F\u00f6deratsiooni algatatud Ukraina-vastase agressiooni aastap\u00e4ev. Mis on selle aasta jooksul muutunud ja kas on oodata s\u00f5ja olulist\" \/>\n<meta name=\"robots\" content=\"index, follow, max-snippet:-1, max-image-preview:large, max-video-preview:-1\" \/>\n<link rel=\"canonical\" href=\"https:\/\/reform.ee\/riigikogu-valimised-2023\/ida-virumaa\/uudis\/meelis-kiili-ukraina-soja-kolm-stsenaariumit\/\" \/>\n<meta property=\"og:locale\" content=\"en_US\" \/>\n<meta property=\"og:type\" content=\"article\" \/>\n<meta property=\"og:title\" content=\"Meelis Kiili: Ukraina s\u00f5ja kolm stsenaariumit | Reformierakond | Riigikogu valimised 2023\" \/>\n<meta property=\"og:description\" content=\"L\u00e4henemas on Vene F\u00f6deratsiooni algatatud Ukraina-vastase agressiooni aastap\u00e4ev. Mis on selle aasta jooksul muutunud ja kas on oodata s\u00f5ja olulist\" \/>\n<meta property=\"og:url\" content=\"https:\/\/reform.ee\/riigikogu-valimised-2023\/ida-virumaa\/uudis\/meelis-kiili-ukraina-soja-kolm-stsenaariumit\/\" \/>\n<meta property=\"og:site_name\" content=\"Riigikogu valimised 2023\" \/>\n<meta property=\"article:publisher\" content=\"https:\/\/www.facebook.com\/reformierakond\" \/>\n<meta property=\"article:published_time\" content=\"2023-02-17T10:35:27+00:00\" \/>\n<meta property=\"article:modified_time\" content=\"2023-05-08T12:16:56+00:00\" \/>\n<meta property=\"og:image\" content=\"https:\/\/reform.ee\/riigikogu-valimised-2023\/wp-content\/uploads\/2022\/12\/Meelis-Kiili-Riigikogu-valimised-2023-og.jpg\" \/>\n\t<meta property=\"og:image:width\" content=\"1200\" \/>\n\t<meta property=\"og:image:height\" content=\"630\" \/>\n\t<meta property=\"og:image:type\" content=\"image\/jpeg\" \/>\n<meta name=\"author\" content=\"Kristofer Rennel\" \/>\n<meta name=\"twitter:card\" content=\"summary_large_image\" \/>\n<meta name=\"twitter:image\" content=\"https:\/\/reform.ee\/riigikogu-valimised-2023\/wp-content\/uploads\/2022\/12\/Meelis-Kiili-Riigikogu-valimised-2023-og.jpg\" \/>\n<meta name=\"twitter:creator\" content=\"@reformikad\" \/>\n<meta name=\"twitter:site\" content=\"@reformikad\" \/>\n<meta name=\"twitter:label1\" content=\"Written by\" \/>\n\t<meta name=\"twitter:data1\" content=\"Kristofer Rennel\" \/>\n\t<meta name=\"twitter:label2\" content=\"Est. reading time\" \/>\n\t<meta name=\"twitter:data2\" content=\"4 minutes\" \/>\n<script type=\"application\/ld+json\" class=\"yoast-schema-graph\">{\"@context\":\"https:\\\/\\\/schema.org\",\"@graph\":[{\"@type\":\"Article\",\"@id\":\"https:\\\/\\\/reform.ee\\\/riigikogu-valimised-2023\\\/ida-virumaa\\\/uudis\\\/meelis-kiili-ukraina-soja-kolm-stsenaariumit\\\/#article\",\"isPartOf\":{\"@id\":\"https:\\\/\\\/reform.ee\\\/riigikogu-valimised-2023\\\/ida-virumaa\\\/uudis\\\/meelis-kiili-ukraina-soja-kolm-stsenaariumit\\\/\"},\"author\":{\"name\":\"Kristofer Rennel\",\"@id\":\"https:\\\/\\\/reform.ee\\\/riigikogu-valimised-2023\\\/#\\\/schema\\\/person\\\/4bef389f0f042a7a689ceb38807e0bb6\"},\"headline\":\"Meelis Kiili: Ukraina s\u00f5ja kolm stsenaariumit\",\"datePublished\":\"2023-02-17T10:35:27+00:00\",\"dateModified\":\"2023-05-08T12:16:56+00:00\",\"mainEntityOfPage\":{\"@id\":\"https:\\\/\\\/reform.ee\\\/riigikogu-valimised-2023\\\/ida-virumaa\\\/uudis\\\/meelis-kiili-ukraina-soja-kolm-stsenaariumit\\\/\"},\"wordCount\":906,\"image\":{\"@id\":\"https:\\\/\\\/reform.ee\\\/riigikogu-valimised-2023\\\/ida-virumaa\\\/uudis\\\/meelis-kiili-ukraina-soja-kolm-stsenaariumit\\\/#primaryimage\"},\"thumbnailUrl\":\"https:\\\/\\\/reform.ee\\\/riigikogu-valimised-2023\\\/wp-content\\\/uploads\\\/2022\\\/12\\\/Meelis-Kiili-Riigikogu-valimised-2023.png\",\"articleSection\":[\"M\u00e4\u00e4ratlemata\"],\"inLanguage\":\"en\"},{\"@type\":\"WebPage\",\"@id\":\"https:\\\/\\\/reform.ee\\\/riigikogu-valimised-2023\\\/ida-virumaa\\\/uudis\\\/meelis-kiili-ukraina-soja-kolm-stsenaariumit\\\/\",\"url\":\"https:\\\/\\\/reform.ee\\\/riigikogu-valimised-2023\\\/ida-virumaa\\\/uudis\\\/meelis-kiili-ukraina-soja-kolm-stsenaariumit\\\/\",\"name\":\"Meelis Kiili: Ukraina s\u00f5ja kolm stsenaariumit | Reformierakond | Riigikogu valimised 2023\",\"isPartOf\":{\"@id\":\"https:\\\/\\\/reform.ee\\\/riigikogu-valimised-2023\\\/#website\"},\"primaryImageOfPage\":{\"@id\":\"https:\\\/\\\/reform.ee\\\/riigikogu-valimised-2023\\\/ida-virumaa\\\/uudis\\\/meelis-kiili-ukraina-soja-kolm-stsenaariumit\\\/#primaryimage\"},\"image\":{\"@id\":\"https:\\\/\\\/reform.ee\\\/riigikogu-valimised-2023\\\/ida-virumaa\\\/uudis\\\/meelis-kiili-ukraina-soja-kolm-stsenaariumit\\\/#primaryimage\"},\"thumbnailUrl\":\"https:\\\/\\\/reform.ee\\\/riigikogu-valimised-2023\\\/wp-content\\\/uploads\\\/2022\\\/12\\\/Meelis-Kiili-Riigikogu-valimised-2023.png\",\"datePublished\":\"2023-02-17T10:35:27+00:00\",\"dateModified\":\"2023-05-08T12:16:56+00:00\",\"author\":{\"@id\":\"https:\\\/\\\/reform.ee\\\/riigikogu-valimised-2023\\\/#\\\/schema\\\/person\\\/4bef389f0f042a7a689ceb38807e0bb6\"},\"description\":\"L\u00e4henemas on Vene F\u00f6deratsiooni algatatud Ukraina-vastase agressiooni aastap\u00e4ev. Mis on selle aasta jooksul muutunud ja kas on oodata s\u00f5ja olulist\",\"breadcrumb\":{\"@id\":\"https:\\\/\\\/reform.ee\\\/riigikogu-valimised-2023\\\/ida-virumaa\\\/uudis\\\/meelis-kiili-ukraina-soja-kolm-stsenaariumit\\\/#breadcrumb\"},\"inLanguage\":\"en\",\"potentialAction\":[{\"@type\":\"ReadAction\",\"target\":[\"https:\\\/\\\/reform.ee\\\/riigikogu-valimised-2023\\\/ida-virumaa\\\/uudis\\\/meelis-kiili-ukraina-soja-kolm-stsenaariumit\\\/\"]}]},{\"@type\":\"ImageObject\",\"inLanguage\":\"en\",\"@id\":\"https:\\\/\\\/reform.ee\\\/riigikogu-valimised-2023\\\/ida-virumaa\\\/uudis\\\/meelis-kiili-ukraina-soja-kolm-stsenaariumit\\\/#primaryimage\",\"url\":\"https:\\\/\\\/reform.ee\\\/riigikogu-valimised-2023\\\/wp-content\\\/uploads\\\/2022\\\/12\\\/Meelis-Kiili-Riigikogu-valimised-2023.png\",\"contentUrl\":\"https:\\\/\\\/reform.ee\\\/riigikogu-valimised-2023\\\/wp-content\\\/uploads\\\/2022\\\/12\\\/Meelis-Kiili-Riigikogu-valimised-2023.png\",\"width\":1024,\"height\":683,\"caption\":\"Meelis Kiili Riigikogu valimised 2023\"},{\"@type\":\"BreadcrumbList\",\"@id\":\"https:\\\/\\\/reform.ee\\\/riigikogu-valimised-2023\\\/ida-virumaa\\\/uudis\\\/meelis-kiili-ukraina-soja-kolm-stsenaariumit\\\/#breadcrumb\",\"itemListElement\":[{\"@type\":\"ListItem\",\"position\":1,\"name\":\"Home\",\"item\":\"https:\\\/\\\/reform.ee\\\/riigikogu-valimised-2023\\\/\"},{\"@type\":\"ListItem\",\"position\":2,\"name\":\"Meelis Kiili: Ukraina s\u00f5ja kolm stsenaariumit\"}]},{\"@type\":\"WebSite\",\"@id\":\"https:\\\/\\\/reform.ee\\\/riigikogu-valimised-2023\\\/#website\",\"url\":\"https:\\\/\\\/reform.ee\\\/riigikogu-valimised-2023\\\/\",\"name\":\"Riigikogu valimised 2023\",\"description\":\"Reformierakond\",\"potentialAction\":[{\"@type\":\"SearchAction\",\"target\":{\"@type\":\"EntryPoint\",\"urlTemplate\":\"https:\\\/\\\/reform.ee\\\/riigikogu-valimised-2023\\\/?s={search_term_string}\"},\"query-input\":{\"@type\":\"PropertyValueSpecification\",\"valueRequired\":true,\"valueName\":\"search_term_string\"}}],\"inLanguage\":\"en\"},{\"@type\":\"Person\",\"@id\":\"https:\\\/\\\/reform.ee\\\/riigikogu-valimised-2023\\\/#\\\/schema\\\/person\\\/4bef389f0f042a7a689ceb38807e0bb6\",\"name\":\"Kristofer Rennel\",\"image\":{\"@type\":\"ImageObject\",\"inLanguage\":\"en\",\"@id\":\"https:\\\/\\\/secure.gravatar.com\\\/avatar\\\/a088e700647ea1b94a9bd0e427ed487668978dcb83348cd81a729335df378801?s=96&d=mm&r=g\",\"url\":\"https:\\\/\\\/secure.gravatar.com\\\/avatar\\\/a088e700647ea1b94a9bd0e427ed487668978dcb83348cd81a729335df378801?s=96&d=mm&r=g\",\"contentUrl\":\"https:\\\/\\\/secure.gravatar.com\\\/avatar\\\/a088e700647ea1b94a9bd0e427ed487668978dcb83348cd81a729335df378801?s=96&d=mm&r=g\",\"caption\":\"Kristofer Rennel\"}}]}<\/script>\n<!-- \/ Yoast SEO plugin. -->","yoast_head_json":{"title":"Meelis Kiili: Ukraina s\u00f5ja kolm stsenaariumit | Reformierakond | Riigikogu valimised 2023","description":"L\u00e4henemas on Vene F\u00f6deratsiooni algatatud Ukraina-vastase agressiooni aastap\u00e4ev. Mis on selle aasta jooksul muutunud ja kas on oodata s\u00f5ja olulist","robots":{"index":"index","follow":"follow","max-snippet":"max-snippet:-1","max-image-preview":"max-image-preview:large","max-video-preview":"max-video-preview:-1"},"canonical":"https:\/\/reform.ee\/riigikogu-valimised-2023\/ida-virumaa\/uudis\/meelis-kiili-ukraina-soja-kolm-stsenaariumit\/","og_locale":"en_US","og_type":"article","og_title":"Meelis Kiili: Ukraina s\u00f5ja kolm stsenaariumit | Reformierakond | Riigikogu valimised 2023","og_description":"L\u00e4henemas on Vene F\u00f6deratsiooni algatatud Ukraina-vastase agressiooni aastap\u00e4ev. Mis on selle aasta jooksul muutunud ja kas on oodata s\u00f5ja olulist","og_url":"https:\/\/reform.ee\/riigikogu-valimised-2023\/ida-virumaa\/uudis\/meelis-kiili-ukraina-soja-kolm-stsenaariumit\/","og_site_name":"Riigikogu valimised 2023","article_publisher":"https:\/\/www.facebook.com\/reformierakond","article_published_time":"2023-02-17T10:35:27+00:00","article_modified_time":"2023-05-08T12:16:56+00:00","og_image":[{"width":1200,"height":630,"url":"https:\/\/reform.ee\/riigikogu-valimised-2023\/wp-content\/uploads\/2022\/12\/Meelis-Kiili-Riigikogu-valimised-2023-og.jpg","type":"image\/jpeg"}],"author":"Kristofer Rennel","twitter_card":"summary_large_image","twitter_image":"https:\/\/reform.ee\/riigikogu-valimised-2023\/wp-content\/uploads\/2022\/12\/Meelis-Kiili-Riigikogu-valimised-2023-og.jpg","twitter_creator":"@reformikad","twitter_site":"@reformikad","twitter_misc":{"Written by":"Kristofer Rennel","Est. reading time":"4 minutes"},"schema":{"@context":"https:\/\/schema.org","@graph":[{"@type":"Article","@id":"https:\/\/reform.ee\/riigikogu-valimised-2023\/ida-virumaa\/uudis\/meelis-kiili-ukraina-soja-kolm-stsenaariumit\/#article","isPartOf":{"@id":"https:\/\/reform.ee\/riigikogu-valimised-2023\/ida-virumaa\/uudis\/meelis-kiili-ukraina-soja-kolm-stsenaariumit\/"},"author":{"name":"Kristofer Rennel","@id":"https:\/\/reform.ee\/riigikogu-valimised-2023\/#\/schema\/person\/4bef389f0f042a7a689ceb38807e0bb6"},"headline":"Meelis Kiili: Ukraina s\u00f5ja kolm stsenaariumit","datePublished":"2023-02-17T10:35:27+00:00","dateModified":"2023-05-08T12:16:56+00:00","mainEntityOfPage":{"@id":"https:\/\/reform.ee\/riigikogu-valimised-2023\/ida-virumaa\/uudis\/meelis-kiili-ukraina-soja-kolm-stsenaariumit\/"},"wordCount":906,"image":{"@id":"https:\/\/reform.ee\/riigikogu-valimised-2023\/ida-virumaa\/uudis\/meelis-kiili-ukraina-soja-kolm-stsenaariumit\/#primaryimage"},"thumbnailUrl":"https:\/\/reform.ee\/riigikogu-valimised-2023\/wp-content\/uploads\/2022\/12\/Meelis-Kiili-Riigikogu-valimised-2023.png","articleSection":["M\u00e4\u00e4ratlemata"],"inLanguage":"en"},{"@type":"WebPage","@id":"https:\/\/reform.ee\/riigikogu-valimised-2023\/ida-virumaa\/uudis\/meelis-kiili-ukraina-soja-kolm-stsenaariumit\/","url":"https:\/\/reform.ee\/riigikogu-valimised-2023\/ida-virumaa\/uudis\/meelis-kiili-ukraina-soja-kolm-stsenaariumit\/","name":"Meelis Kiili: Ukraina s\u00f5ja kolm stsenaariumit | Reformierakond | Riigikogu valimised 2023","isPartOf":{"@id":"https:\/\/reform.ee\/riigikogu-valimised-2023\/#website"},"primaryImageOfPage":{"@id":"https:\/\/reform.ee\/riigikogu-valimised-2023\/ida-virumaa\/uudis\/meelis-kiili-ukraina-soja-kolm-stsenaariumit\/#primaryimage"},"image":{"@id":"https:\/\/reform.ee\/riigikogu-valimised-2023\/ida-virumaa\/uudis\/meelis-kiili-ukraina-soja-kolm-stsenaariumit\/#primaryimage"},"thumbnailUrl":"https:\/\/reform.ee\/riigikogu-valimised-2023\/wp-content\/uploads\/2022\/12\/Meelis-Kiili-Riigikogu-valimised-2023.png","datePublished":"2023-02-17T10:35:27+00:00","dateModified":"2023-05-08T12:16:56+00:00","author":{"@id":"https:\/\/reform.ee\/riigikogu-valimised-2023\/#\/schema\/person\/4bef389f0f042a7a689ceb38807e0bb6"},"description":"L\u00e4henemas on Vene F\u00f6deratsiooni algatatud Ukraina-vastase agressiooni aastap\u00e4ev. Mis on selle aasta jooksul muutunud ja kas on oodata s\u00f5ja olulist","breadcrumb":{"@id":"https:\/\/reform.ee\/riigikogu-valimised-2023\/ida-virumaa\/uudis\/meelis-kiili-ukraina-soja-kolm-stsenaariumit\/#breadcrumb"},"inLanguage":"en","potentialAction":[{"@type":"ReadAction","target":["https:\/\/reform.ee\/riigikogu-valimised-2023\/ida-virumaa\/uudis\/meelis-kiili-ukraina-soja-kolm-stsenaariumit\/"]}]},{"@type":"ImageObject","inLanguage":"en","@id":"https:\/\/reform.ee\/riigikogu-valimised-2023\/ida-virumaa\/uudis\/meelis-kiili-ukraina-soja-kolm-stsenaariumit\/#primaryimage","url":"https:\/\/reform.ee\/riigikogu-valimised-2023\/wp-content\/uploads\/2022\/12\/Meelis-Kiili-Riigikogu-valimised-2023.png","contentUrl":"https:\/\/reform.ee\/riigikogu-valimised-2023\/wp-content\/uploads\/2022\/12\/Meelis-Kiili-Riigikogu-valimised-2023.png","width":1024,"height":683,"caption":"Meelis Kiili Riigikogu valimised 2023"},{"@type":"BreadcrumbList","@id":"https:\/\/reform.ee\/riigikogu-valimised-2023\/ida-virumaa\/uudis\/meelis-kiili-ukraina-soja-kolm-stsenaariumit\/#breadcrumb","itemListElement":[{"@type":"ListItem","position":1,"name":"Home","item":"https:\/\/reform.ee\/riigikogu-valimised-2023\/"},{"@type":"ListItem","position":2,"name":"Meelis Kiili: Ukraina s\u00f5ja kolm stsenaariumit"}]},{"@type":"WebSite","@id":"https:\/\/reform.ee\/riigikogu-valimised-2023\/#website","url":"https:\/\/reform.ee\/riigikogu-valimised-2023\/","name":"Riigikogu valimised 2023","description":"Reformierakond","potentialAction":[{"@type":"SearchAction","target":{"@type":"EntryPoint","urlTemplate":"https:\/\/reform.ee\/riigikogu-valimised-2023\/?s={search_term_string}"},"query-input":{"@type":"PropertyValueSpecification","valueRequired":true,"valueName":"search_term_string"}}],"inLanguage":"en"},{"@type":"Person","@id":"https:\/\/reform.ee\/riigikogu-valimised-2023\/#\/schema\/person\/4bef389f0f042a7a689ceb38807e0bb6","name":"Kristofer Rennel","image":{"@type":"ImageObject","inLanguage":"en","@id":"https:\/\/secure.gravatar.com\/avatar\/a088e700647ea1b94a9bd0e427ed487668978dcb83348cd81a729335df378801?s=96&d=mm&r=g","url":"https:\/\/secure.gravatar.com\/avatar\/a088e700647ea1b94a9bd0e427ed487668978dcb83348cd81a729335df378801?s=96&d=mm&r=g","contentUrl":"https:\/\/secure.gravatar.com\/avatar\/a088e700647ea1b94a9bd0e427ed487668978dcb83348cd81a729335df378801?s=96&d=mm&r=g","caption":"Kristofer Rennel"}}]}},"_links":{"self":[{"href":"https:\/\/reform.ee\/riigikogu-valimised-2023\/wp-json\/wp\/v2\/posts\/5028","targetHints":{"allow":["GET"]}}],"collection":[{"href":"https:\/\/reform.ee\/riigikogu-valimised-2023\/wp-json\/wp\/v2\/posts"}],"about":[{"href":"https:\/\/reform.ee\/riigikogu-valimised-2023\/wp-json\/wp\/v2\/types\/post"}],"author":[{"embeddable":true,"href":"https:\/\/reform.ee\/riigikogu-valimised-2023\/wp-json\/wp\/v2\/users\/6"}],"replies":[{"embeddable":true,"href":"https:\/\/reform.ee\/riigikogu-valimised-2023\/wp-json\/wp\/v2\/comments?post=5028"}],"version-history":[{"count":2,"href":"https:\/\/reform.ee\/riigikogu-valimised-2023\/wp-json\/wp\/v2\/posts\/5028\/revisions"}],"predecessor-version":[{"id":5030,"href":"https:\/\/reform.ee\/riigikogu-valimised-2023\/wp-json\/wp\/v2\/posts\/5028\/revisions\/5030"}],"wp:featuredmedia":[{"embeddable":true,"href":"https:\/\/reform.ee\/riigikogu-valimised-2023\/wp-json\/wp\/v2\/media\/1944"}],"wp:attachment":[{"href":"https:\/\/reform.ee\/riigikogu-valimised-2023\/wp-json\/wp\/v2\/media?parent=5028"}],"wp:term":[{"taxonomy":"category","embeddable":true,"href":"https:\/\/reform.ee\/riigikogu-valimised-2023\/wp-json\/wp\/v2\/categories?post=5028"},{"taxonomy":"post_tag","embeddable":true,"href":"https:\/\/reform.ee\/riigikogu-valimised-2023\/wp-json\/wp\/v2\/tags?post=5028"}],"curies":[{"name":"wp","href":"https:\/\/api.w.org\/{rel}","templated":true}]}}