{"id":5021,"date":"2023-02-16T14:29:26","date_gmt":"2023-02-16T12:29:26","guid":{"rendered":"https:\/\/reform.ee\/riigikogu-valimised-2023\/?p=5021"},"modified":"2023-05-08T15:16:56","modified_gmt":"2023-05-08T12:16:56","slug":"maris-lauri-maksususteemi-muutmist-tuleb-alustada-mineviku-vigade-parandamisest","status":"publish","type":"post","link":"https:\/\/reform.ee\/riigikogu-valimised-2023\/mustamae-ja-nomme\/uudis\/maris-lauri-maksususteemi-muutmist-tuleb-alustada-mineviku-vigade-parandamisest\/","title":{"rendered":"<strong>Maris Lauri: maksus\u00fcsteemi muutmist tuleb alustada mineviku vigade parandamisest<\/strong>"},"content":{"rendered":"\n<p><strong>Riigikogu rahanduskomisjoni liige ja endine rahandusminister Maris Lauri \u00fctles t\u00e4na parlamendis maksus\u00fcsteemi arutelul, et esimese sammuna tuleb maksus\u00fcsteemis likvideerida mineviku rumalused. Suurimaks rumaluseks pidas ta segast astmelist tulumaksu.<\/strong><\/p>\n\n\n\n<p>\u201eMaksutulu kogumine peab toimuma \u00f5iglasel viisil ning koormama kodanikke ja majandust v\u00f5imalikult v\u00e4he. Praegune k\u00fc\u00fcruga maksus\u00fcsteem on vale, sest sellega korjatakse inimestelt raha kokku, et hakata seda neile siis n\u00e4puotsaga tagasi jagama,\u201c \u00fctles Lauri.<\/p>\n\n\n\n<p>Ta selgitas, et Reformierakond soovib kaotada sissetulekust s\u00f5ltuva maksuvaba tulu s\u00fcsteemi ja kehtestada k\u00f5igile \u00fchetaolise 700 euro suuruse maksuvaba tulu. \u201eSee on kulukas ja seet\u00f5ttu on meie valimislubadustes muid kulutusi tagasihoidlikult,\u201c lisas Lauri.<\/p>\n\n\n\n<p>Maksuk\u00fc\u00fcru kaotamise k\u00f5rval pidas endine rahandusminister vajalikuks vaadata \u00fcle keskkonnaga seotud tasud. \u201eNeed peavad kompenseerima keskkonnale tehtud kahju ja motiveerima keskkonda s\u00e4\u00e4stlikult kasutama,\u201c k\u00f5neles Lauri.&nbsp;<\/p>\n\n\n\n<p>Maksuerandite kohta \u00fctles Lauri, et neid tuleks kasutada ainult siis, kui muid lahendusi pole. \u201eErandite halvaks omaduseks on see, et kui teeme \u00fche, tulevad j\u00e4rgmised. L\u00f5puks saavad erisused need, kes suudavad lobit\u00f6\u00f6d paremini teha. Minu arvates see ei ole \u00f5iglane ja aus,\u201c r\u00e4\u00e4kis Lauri.<\/p>\n","protected":false},"excerpt":{"rendered":"<p>Riigikogu rahanduskomisjoni liige ja endine rahandusminister Maris Lauri \u00fctles t\u00e4na parlamendis maksus\u00fcsteemi arutelul, et esimese sammuna tuleb maksus\u00fcsteemis likvideerida mineviku rumalused. Suurimaks rumaluseks pidas ta segast astmelist tulumaksu. \u201eMaksutulu kogumine peab toimuma \u00f5iglasel viisil ning koormama kodanikke ja majandust v\u00f5imalikult v\u00e4he. Praegune k\u00fc\u00fcruga maksus\u00fcsteem on vale, sest sellega korjatakse inimestelt raha kokku, et hakata seda [&hellip;]<\/p>\n","protected":false},"author":8,"featured_media":1098,"comment_status":"closed","ping_status":"open","sticky":false,"template":"","format":"standard","meta":{"_acf_changed":false,"footnotes":""},"categories":[1],"tags":[23,21,19,15],"class_list":["post-5021","post","type-post","status-publish","format-standard","has-post-thumbnail","hentry","category-maaratlemata","tag-korras-rahandus","tag-maksukuur","tag-maksuvaba-tulu-tous","tag-uhetaoline-maksususteem"],"acf":[],"yoast_head":"<!-- This site is optimized with the Yoast SEO plugin v27.5 - https:\/\/yoast.com\/product\/yoast-seo-wordpress\/ -->\n<title>Maris Lauri: maksus\u00fcsteemi muutmist tuleb alustada mineviku vigade parandamisest | Reformierakond | Riigikogu valimised 2023<\/title>\n<meta name=\"description\" content=\"Riigikogu rahanduskomisjoni liige ja endine rahandusminister Maris Lauri \u00fctles t\u00e4na parlamendis maksus\u00fcsteemi arutelul, et esimese sammuna tuleb\" \/>\n<meta name=\"robots\" content=\"index, follow, max-snippet:-1, max-image-preview:large, max-video-preview:-1\" \/>\n<link rel=\"canonical\" href=\"https:\/\/reform.ee\/riigikogu-valimised-2023\/mustamae-ja-nomme\/uudis\/maris-lauri-maksususteemi-muutmist-tuleb-alustada-mineviku-vigade-parandamisest\/\" \/>\n<meta property=\"og:locale\" content=\"en_US\" \/>\n<meta property=\"og:type\" content=\"article\" \/>\n<meta property=\"og:title\" content=\"Maris Lauri: maksus\u00fcsteemi muutmist tuleb alustada mineviku vigade parandamisest | Reformierakond | Riigikogu valimised 2023\" \/>\n<meta property=\"og:description\" content=\"Riigikogu rahanduskomisjoni liige ja endine rahandusminister Maris Lauri \u00fctles t\u00e4na parlamendis maksus\u00fcsteemi arutelul, et esimese sammuna tuleb\" \/>\n<meta property=\"og:url\" content=\"https:\/\/reform.ee\/riigikogu-valimised-2023\/mustamae-ja-nomme\/uudis\/maris-lauri-maksususteemi-muutmist-tuleb-alustada-mineviku-vigade-parandamisest\/\" \/>\n<meta property=\"og:site_name\" content=\"Riigikogu valimised 2023\" \/>\n<meta property=\"article:publisher\" content=\"https:\/\/www.facebook.com\/reformierakond\" \/>\n<meta property=\"article:published_time\" content=\"2023-02-16T12:29:26+00:00\" \/>\n<meta property=\"article:modified_time\" content=\"2023-05-08T12:16:56+00:00\" \/>\n<meta property=\"og:image\" content=\"https:\/\/reform.ee\/riigikogu-valimised-2023\/wp-content\/uploads\/2022\/12\/Maris_Lauri_riigikogu_valimised_2023.png\" \/>\n\t<meta property=\"og:image:width\" content=\"1024\" \/>\n\t<meta property=\"og:image:height\" content=\"683\" \/>\n\t<meta property=\"og:image:type\" content=\"image\/png\" \/>\n<meta name=\"author\" content=\"Sander Andla\" \/>\n<meta name=\"twitter:card\" content=\"summary_large_image\" \/>\n<meta name=\"twitter:creator\" content=\"@reformikad\" \/>\n<meta name=\"twitter:site\" content=\"@reformikad\" \/>\n<meta name=\"twitter:label1\" content=\"Written by\" \/>\n\t<meta name=\"twitter:data1\" content=\"Sander Andla\" \/>\n\t<meta name=\"twitter:label2\" content=\"Est. reading time\" \/>\n\t<meta name=\"twitter:data2\" content=\"1 minute\" \/>\n<script type=\"application\/ld+json\" class=\"yoast-schema-graph\">{\"@context\":\"https:\\\/\\\/schema.org\",\"@graph\":[{\"@type\":\"Article\",\"@id\":\"https:\\\/\\\/reform.ee\\\/riigikogu-valimised-2023\\\/mustamae-ja-nomme\\\/uudis\\\/maris-lauri-maksususteemi-muutmist-tuleb-alustada-mineviku-vigade-parandamisest\\\/#article\",\"isPartOf\":{\"@id\":\"https:\\\/\\\/reform.ee\\\/riigikogu-valimised-2023\\\/mustamae-ja-nomme\\\/uudis\\\/maris-lauri-maksususteemi-muutmist-tuleb-alustada-mineviku-vigade-parandamisest\\\/\"},\"author\":{\"name\":\"Sander Andla\",\"@id\":\"https:\\\/\\\/reform.ee\\\/riigikogu-valimised-2023\\\/#\\\/schema\\\/person\\\/b88a6296e85bb80da00097794eefb7b4\"},\"headline\":\"Maris Lauri: maksus\u00fcsteemi muutmist tuleb alustada mineviku vigade parandamisest\",\"datePublished\":\"2023-02-16T12:29:26+00:00\",\"dateModified\":\"2023-05-08T12:16:56+00:00\",\"mainEntityOfPage\":{\"@id\":\"https:\\\/\\\/reform.ee\\\/riigikogu-valimised-2023\\\/mustamae-ja-nomme\\\/uudis\\\/maris-lauri-maksususteemi-muutmist-tuleb-alustada-mineviku-vigade-parandamisest\\\/\"},\"wordCount\":194,\"image\":{\"@id\":\"https:\\\/\\\/reform.ee\\\/riigikogu-valimised-2023\\\/mustamae-ja-nomme\\\/uudis\\\/maris-lauri-maksususteemi-muutmist-tuleb-alustada-mineviku-vigade-parandamisest\\\/#primaryimage\"},\"thumbnailUrl\":\"https:\\\/\\\/reform.ee\\\/riigikogu-valimised-2023\\\/wp-content\\\/uploads\\\/2022\\\/12\\\/Maris_Lauri_riigikogu_valimised_2023.png\",\"keywords\":[\"korras rahandus\",\"maksuk\u00fc\u00fcr\",\"maksuvaba tulu t\u00f5us\",\"\u00fchetaoline maksus\u00fcsteem\"],\"articleSection\":[\"M\u00e4\u00e4ratlemata\"],\"inLanguage\":\"en\"},{\"@type\":\"WebPage\",\"@id\":\"https:\\\/\\\/reform.ee\\\/riigikogu-valimised-2023\\\/mustamae-ja-nomme\\\/uudis\\\/maris-lauri-maksususteemi-muutmist-tuleb-alustada-mineviku-vigade-parandamisest\\\/\",\"url\":\"https:\\\/\\\/reform.ee\\\/riigikogu-valimised-2023\\\/mustamae-ja-nomme\\\/uudis\\\/maris-lauri-maksususteemi-muutmist-tuleb-alustada-mineviku-vigade-parandamisest\\\/\",\"name\":\"Maris Lauri: maksus\u00fcsteemi muutmist tuleb alustada mineviku vigade parandamisest | Reformierakond | Riigikogu valimised 2023\",\"isPartOf\":{\"@id\":\"https:\\\/\\\/reform.ee\\\/riigikogu-valimised-2023\\\/#website\"},\"primaryImageOfPage\":{\"@id\":\"https:\\\/\\\/reform.ee\\\/riigikogu-valimised-2023\\\/mustamae-ja-nomme\\\/uudis\\\/maris-lauri-maksususteemi-muutmist-tuleb-alustada-mineviku-vigade-parandamisest\\\/#primaryimage\"},\"image\":{\"@id\":\"https:\\\/\\\/reform.ee\\\/riigikogu-valimised-2023\\\/mustamae-ja-nomme\\\/uudis\\\/maris-lauri-maksususteemi-muutmist-tuleb-alustada-mineviku-vigade-parandamisest\\\/#primaryimage\"},\"thumbnailUrl\":\"https:\\\/\\\/reform.ee\\\/riigikogu-valimised-2023\\\/wp-content\\\/uploads\\\/2022\\\/12\\\/Maris_Lauri_riigikogu_valimised_2023.png\",\"datePublished\":\"2023-02-16T12:29:26+00:00\",\"dateModified\":\"2023-05-08T12:16:56+00:00\",\"author\":{\"@id\":\"https:\\\/\\\/reform.ee\\\/riigikogu-valimised-2023\\\/#\\\/schema\\\/person\\\/b88a6296e85bb80da00097794eefb7b4\"},\"description\":\"Riigikogu rahanduskomisjoni liige ja endine rahandusminister Maris Lauri \u00fctles t\u00e4na parlamendis maksus\u00fcsteemi arutelul, et esimese sammuna tuleb\",\"breadcrumb\":{\"@id\":\"https:\\\/\\\/reform.ee\\\/riigikogu-valimised-2023\\\/mustamae-ja-nomme\\\/uudis\\\/maris-lauri-maksususteemi-muutmist-tuleb-alustada-mineviku-vigade-parandamisest\\\/#breadcrumb\"},\"inLanguage\":\"en\",\"potentialAction\":[{\"@type\":\"ReadAction\",\"target\":[\"https:\\\/\\\/reform.ee\\\/riigikogu-valimised-2023\\\/mustamae-ja-nomme\\\/uudis\\\/maris-lauri-maksususteemi-muutmist-tuleb-alustada-mineviku-vigade-parandamisest\\\/\"]}]},{\"@type\":\"ImageObject\",\"inLanguage\":\"en\",\"@id\":\"https:\\\/\\\/reform.ee\\\/riigikogu-valimised-2023\\\/mustamae-ja-nomme\\\/uudis\\\/maris-lauri-maksususteemi-muutmist-tuleb-alustada-mineviku-vigade-parandamisest\\\/#primaryimage\",\"url\":\"https:\\\/\\\/reform.ee\\\/riigikogu-valimised-2023\\\/wp-content\\\/uploads\\\/2022\\\/12\\\/Maris_Lauri_riigikogu_valimised_2023.png\",\"contentUrl\":\"https:\\\/\\\/reform.ee\\\/riigikogu-valimised-2023\\\/wp-content\\\/uploads\\\/2022\\\/12\\\/Maris_Lauri_riigikogu_valimised_2023.png\",\"width\":1024,\"height\":683,\"caption\":\"Maris Lauri Riigikogu valimised 2023\"},{\"@type\":\"BreadcrumbList\",\"@id\":\"https:\\\/\\\/reform.ee\\\/riigikogu-valimised-2023\\\/mustamae-ja-nomme\\\/uudis\\\/maris-lauri-maksususteemi-muutmist-tuleb-alustada-mineviku-vigade-parandamisest\\\/#breadcrumb\",\"itemListElement\":[{\"@type\":\"ListItem\",\"position\":1,\"name\":\"Home\",\"item\":\"https:\\\/\\\/reform.ee\\\/riigikogu-valimised-2023\\\/\"},{\"@type\":\"ListItem\",\"position\":2,\"name\":\"Maris Lauri: maksus\u00fcsteemi muutmist tuleb alustada mineviku vigade parandamisest\"}]},{\"@type\":\"WebSite\",\"@id\":\"https:\\\/\\\/reform.ee\\\/riigikogu-valimised-2023\\\/#website\",\"url\":\"https:\\\/\\\/reform.ee\\\/riigikogu-valimised-2023\\\/\",\"name\":\"Riigikogu valimised 2023\",\"description\":\"Reformierakond\",\"potentialAction\":[{\"@type\":\"SearchAction\",\"target\":{\"@type\":\"EntryPoint\",\"urlTemplate\":\"https:\\\/\\\/reform.ee\\\/riigikogu-valimised-2023\\\/?s={search_term_string}\"},\"query-input\":{\"@type\":\"PropertyValueSpecification\",\"valueRequired\":true,\"valueName\":\"search_term_string\"}}],\"inLanguage\":\"en\"},{\"@type\":\"Person\",\"@id\":\"https:\\\/\\\/reform.ee\\\/riigikogu-valimised-2023\\\/#\\\/schema\\\/person\\\/b88a6296e85bb80da00097794eefb7b4\",\"name\":\"Sander Andla\",\"image\":{\"@type\":\"ImageObject\",\"inLanguage\":\"en\",\"@id\":\"https:\\\/\\\/secure.gravatar.com\\\/avatar\\\/8336fa6b32bcae0c6450b732cdb42d13f073422c4cdfab668fd02570ee6c9948?s=96&d=mm&r=g\",\"url\":\"https:\\\/\\\/secure.gravatar.com\\\/avatar\\\/8336fa6b32bcae0c6450b732cdb42d13f073422c4cdfab668fd02570ee6c9948?s=96&d=mm&r=g\",\"contentUrl\":\"https:\\\/\\\/secure.gravatar.com\\\/avatar\\\/8336fa6b32bcae0c6450b732cdb42d13f073422c4cdfab668fd02570ee6c9948?s=96&d=mm&r=g\",\"caption\":\"Sander Andla\"}}]}<\/script>\n<!-- \/ Yoast SEO plugin. -->","yoast_head_json":{"title":"Maris Lauri: maksus\u00fcsteemi muutmist tuleb alustada mineviku vigade parandamisest | Reformierakond | Riigikogu valimised 2023","description":"Riigikogu rahanduskomisjoni liige ja endine rahandusminister Maris Lauri \u00fctles t\u00e4na parlamendis maksus\u00fcsteemi arutelul, et esimese sammuna tuleb","robots":{"index":"index","follow":"follow","max-snippet":"max-snippet:-1","max-image-preview":"max-image-preview:large","max-video-preview":"max-video-preview:-1"},"canonical":"https:\/\/reform.ee\/riigikogu-valimised-2023\/mustamae-ja-nomme\/uudis\/maris-lauri-maksususteemi-muutmist-tuleb-alustada-mineviku-vigade-parandamisest\/","og_locale":"en_US","og_type":"article","og_title":"Maris Lauri: maksus\u00fcsteemi muutmist tuleb alustada mineviku vigade parandamisest | Reformierakond | Riigikogu valimised 2023","og_description":"Riigikogu rahanduskomisjoni liige ja endine rahandusminister Maris Lauri \u00fctles t\u00e4na parlamendis maksus\u00fcsteemi arutelul, et esimese sammuna tuleb","og_url":"https:\/\/reform.ee\/riigikogu-valimised-2023\/mustamae-ja-nomme\/uudis\/maris-lauri-maksususteemi-muutmist-tuleb-alustada-mineviku-vigade-parandamisest\/","og_site_name":"Riigikogu valimised 2023","article_publisher":"https:\/\/www.facebook.com\/reformierakond","article_published_time":"2023-02-16T12:29:26+00:00","article_modified_time":"2023-05-08T12:16:56+00:00","og_image":[{"width":1024,"height":683,"url":"https:\/\/reform.ee\/riigikogu-valimised-2023\/wp-content\/uploads\/2022\/12\/Maris_Lauri_riigikogu_valimised_2023.png","type":"image\/png"}],"author":"Sander Andla","twitter_card":"summary_large_image","twitter_creator":"@reformikad","twitter_site":"@reformikad","twitter_misc":{"Written by":"Sander Andla","Est. reading time":"1 minute"},"schema":{"@context":"https:\/\/schema.org","@graph":[{"@type":"Article","@id":"https:\/\/reform.ee\/riigikogu-valimised-2023\/mustamae-ja-nomme\/uudis\/maris-lauri-maksususteemi-muutmist-tuleb-alustada-mineviku-vigade-parandamisest\/#article","isPartOf":{"@id":"https:\/\/reform.ee\/riigikogu-valimised-2023\/mustamae-ja-nomme\/uudis\/maris-lauri-maksususteemi-muutmist-tuleb-alustada-mineviku-vigade-parandamisest\/"},"author":{"name":"Sander Andla","@id":"https:\/\/reform.ee\/riigikogu-valimised-2023\/#\/schema\/person\/b88a6296e85bb80da00097794eefb7b4"},"headline":"Maris Lauri: maksus\u00fcsteemi muutmist tuleb alustada mineviku vigade parandamisest","datePublished":"2023-02-16T12:29:26+00:00","dateModified":"2023-05-08T12:16:56+00:00","mainEntityOfPage":{"@id":"https:\/\/reform.ee\/riigikogu-valimised-2023\/mustamae-ja-nomme\/uudis\/maris-lauri-maksususteemi-muutmist-tuleb-alustada-mineviku-vigade-parandamisest\/"},"wordCount":194,"image":{"@id":"https:\/\/reform.ee\/riigikogu-valimised-2023\/mustamae-ja-nomme\/uudis\/maris-lauri-maksususteemi-muutmist-tuleb-alustada-mineviku-vigade-parandamisest\/#primaryimage"},"thumbnailUrl":"https:\/\/reform.ee\/riigikogu-valimised-2023\/wp-content\/uploads\/2022\/12\/Maris_Lauri_riigikogu_valimised_2023.png","keywords":["korras rahandus","maksuk\u00fc\u00fcr","maksuvaba tulu t\u00f5us","\u00fchetaoline maksus\u00fcsteem"],"articleSection":["M\u00e4\u00e4ratlemata"],"inLanguage":"en"},{"@type":"WebPage","@id":"https:\/\/reform.ee\/riigikogu-valimised-2023\/mustamae-ja-nomme\/uudis\/maris-lauri-maksususteemi-muutmist-tuleb-alustada-mineviku-vigade-parandamisest\/","url":"https:\/\/reform.ee\/riigikogu-valimised-2023\/mustamae-ja-nomme\/uudis\/maris-lauri-maksususteemi-muutmist-tuleb-alustada-mineviku-vigade-parandamisest\/","name":"Maris Lauri: maksus\u00fcsteemi muutmist tuleb alustada mineviku vigade parandamisest | Reformierakond | Riigikogu valimised 2023","isPartOf":{"@id":"https:\/\/reform.ee\/riigikogu-valimised-2023\/#website"},"primaryImageOfPage":{"@id":"https:\/\/reform.ee\/riigikogu-valimised-2023\/mustamae-ja-nomme\/uudis\/maris-lauri-maksususteemi-muutmist-tuleb-alustada-mineviku-vigade-parandamisest\/#primaryimage"},"image":{"@id":"https:\/\/reform.ee\/riigikogu-valimised-2023\/mustamae-ja-nomme\/uudis\/maris-lauri-maksususteemi-muutmist-tuleb-alustada-mineviku-vigade-parandamisest\/#primaryimage"},"thumbnailUrl":"https:\/\/reform.ee\/riigikogu-valimised-2023\/wp-content\/uploads\/2022\/12\/Maris_Lauri_riigikogu_valimised_2023.png","datePublished":"2023-02-16T12:29:26+00:00","dateModified":"2023-05-08T12:16:56+00:00","author":{"@id":"https:\/\/reform.ee\/riigikogu-valimised-2023\/#\/schema\/person\/b88a6296e85bb80da00097794eefb7b4"},"description":"Riigikogu rahanduskomisjoni liige ja endine rahandusminister Maris Lauri \u00fctles t\u00e4na parlamendis maksus\u00fcsteemi arutelul, et esimese sammuna tuleb","breadcrumb":{"@id":"https:\/\/reform.ee\/riigikogu-valimised-2023\/mustamae-ja-nomme\/uudis\/maris-lauri-maksususteemi-muutmist-tuleb-alustada-mineviku-vigade-parandamisest\/#breadcrumb"},"inLanguage":"en","potentialAction":[{"@type":"ReadAction","target":["https:\/\/reform.ee\/riigikogu-valimised-2023\/mustamae-ja-nomme\/uudis\/maris-lauri-maksususteemi-muutmist-tuleb-alustada-mineviku-vigade-parandamisest\/"]}]},{"@type":"ImageObject","inLanguage":"en","@id":"https:\/\/reform.ee\/riigikogu-valimised-2023\/mustamae-ja-nomme\/uudis\/maris-lauri-maksususteemi-muutmist-tuleb-alustada-mineviku-vigade-parandamisest\/#primaryimage","url":"https:\/\/reform.ee\/riigikogu-valimised-2023\/wp-content\/uploads\/2022\/12\/Maris_Lauri_riigikogu_valimised_2023.png","contentUrl":"https:\/\/reform.ee\/riigikogu-valimised-2023\/wp-content\/uploads\/2022\/12\/Maris_Lauri_riigikogu_valimised_2023.png","width":1024,"height":683,"caption":"Maris Lauri Riigikogu valimised 2023"},{"@type":"BreadcrumbList","@id":"https:\/\/reform.ee\/riigikogu-valimised-2023\/mustamae-ja-nomme\/uudis\/maris-lauri-maksususteemi-muutmist-tuleb-alustada-mineviku-vigade-parandamisest\/#breadcrumb","itemListElement":[{"@type":"ListItem","position":1,"name":"Home","item":"https:\/\/reform.ee\/riigikogu-valimised-2023\/"},{"@type":"ListItem","position":2,"name":"Maris Lauri: maksus\u00fcsteemi muutmist tuleb alustada mineviku vigade parandamisest"}]},{"@type":"WebSite","@id":"https:\/\/reform.ee\/riigikogu-valimised-2023\/#website","url":"https:\/\/reform.ee\/riigikogu-valimised-2023\/","name":"Riigikogu valimised 2023","description":"Reformierakond","potentialAction":[{"@type":"SearchAction","target":{"@type":"EntryPoint","urlTemplate":"https:\/\/reform.ee\/riigikogu-valimised-2023\/?s={search_term_string}"},"query-input":{"@type":"PropertyValueSpecification","valueRequired":true,"valueName":"search_term_string"}}],"inLanguage":"en"},{"@type":"Person","@id":"https:\/\/reform.ee\/riigikogu-valimised-2023\/#\/schema\/person\/b88a6296e85bb80da00097794eefb7b4","name":"Sander Andla","image":{"@type":"ImageObject","inLanguage":"en","@id":"https:\/\/secure.gravatar.com\/avatar\/8336fa6b32bcae0c6450b732cdb42d13f073422c4cdfab668fd02570ee6c9948?s=96&d=mm&r=g","url":"https:\/\/secure.gravatar.com\/avatar\/8336fa6b32bcae0c6450b732cdb42d13f073422c4cdfab668fd02570ee6c9948?s=96&d=mm&r=g","contentUrl":"https:\/\/secure.gravatar.com\/avatar\/8336fa6b32bcae0c6450b732cdb42d13f073422c4cdfab668fd02570ee6c9948?s=96&d=mm&r=g","caption":"Sander Andla"}}]}},"_links":{"self":[{"href":"https:\/\/reform.ee\/riigikogu-valimised-2023\/wp-json\/wp\/v2\/posts\/5021","targetHints":{"allow":["GET"]}}],"collection":[{"href":"https:\/\/reform.ee\/riigikogu-valimised-2023\/wp-json\/wp\/v2\/posts"}],"about":[{"href":"https:\/\/reform.ee\/riigikogu-valimised-2023\/wp-json\/wp\/v2\/types\/post"}],"author":[{"embeddable":true,"href":"https:\/\/reform.ee\/riigikogu-valimised-2023\/wp-json\/wp\/v2\/users\/8"}],"replies":[{"embeddable":true,"href":"https:\/\/reform.ee\/riigikogu-valimised-2023\/wp-json\/wp\/v2\/comments?post=5021"}],"version-history":[{"count":2,"href":"https:\/\/reform.ee\/riigikogu-valimised-2023\/wp-json\/wp\/v2\/posts\/5021\/revisions"}],"predecessor-version":[{"id":5023,"href":"https:\/\/reform.ee\/riigikogu-valimised-2023\/wp-json\/wp\/v2\/posts\/5021\/revisions\/5023"}],"wp:featuredmedia":[{"embeddable":true,"href":"https:\/\/reform.ee\/riigikogu-valimised-2023\/wp-json\/wp\/v2\/media\/1098"}],"wp:attachment":[{"href":"https:\/\/reform.ee\/riigikogu-valimised-2023\/wp-json\/wp\/v2\/media?parent=5021"}],"wp:term":[{"taxonomy":"category","embeddable":true,"href":"https:\/\/reform.ee\/riigikogu-valimised-2023\/wp-json\/wp\/v2\/categories?post=5021"},{"taxonomy":"post_tag","embeddable":true,"href":"https:\/\/reform.ee\/riigikogu-valimised-2023\/wp-json\/wp\/v2\/tags?post=5021"}],"curies":[{"name":"wp","href":"https:\/\/api.w.org\/{rel}","templated":true}]}}