{"id":4462,"date":"2023-01-27T10:17:43","date_gmt":"2023-01-27T08:17:43","guid":{"rendered":"https:\/\/reform.ee\/riigikogu-valimised-2023\/?p=4462"},"modified":"2023-05-08T15:17:01","modified_gmt":"2023-05-08T12:17:01","slug":"maris-lauri-kui-inimesel-on-vaja-lasteaiakohta-siis-raha-vanematele-andmine-seda-ei-lahenda","status":"publish","type":"post","link":"https:\/\/reform.ee\/riigikogu-valimised-2023\/mustamae-ja-nomme\/uudis\/maris-lauri-kui-inimesel-on-vaja-lasteaiakohta-siis-raha-vanematele-andmine-seda-ei-lahenda\/","title":{"rendered":"Maris Lauri: kui inimesel on vaja lasteaiakohta, siis raha vanematele andmine seda ei lahenda"},"content":{"rendered":"\n<p>Ohjeldamatu ja sihitu toetuste jagamine viib t\u00f5esti eelarve puuduj\u00e4\u00e4ki ja l\u00f5puks maksude t\u00f5stmiseni. L\u00f5puks on eelarve puuduj\u00e4\u00e4k nii suur.<\/p>\n\n\n\n<p>Liigub ringi legend, et peale valimisi tuleb kindlasti makse t\u00f5sta, kuna eelarve on hiiglaslikus puuduj\u00e4\u00e4gis ja ilma makse t\u00f5stmata ei ole v\u00f5imalik eelarvet tasakaalu viia. Kui v\u00f5tta arvesse k\u00f5igi erinevad soovid ja vajadused, siis on see t\u00e4iesti ilmv\u00f5imatu. On! Kuid see on v\u00f5imalik, vaid teatud tingimustel.<\/p>\n\n\n\n<h3 class=\"wp-block-heading\">Mitte rohkem riiki, vaid tulemuslikumat riiki!<\/h3>\n\n\n\n<p>Riigi rolli suurendamine \u00fchiskonnas ja majanduses on kulukas ja ebaotstarbekas. V\u00f5iksime p\u00f6\u00f6rduda tagasi arusaama juurde, et riik toimetab seal, kus t\u00f5esti teisiti ei saa, kus riigi toimetamisel on t\u00f5esti m\u00f5tet ja kasu, kus erasektor ei tule mingil p\u00f5hjusel toime v\u00f5i kus asjad peaksidki olema riigi k\u00e4es.<\/p>\n\n\n\n<p>Eestis on viimastel aastatel asjad v\u00e4ga k\u00f5vasti paigast l\u00e4inud m\u00f5neti arusaadavalt reageeringuna erinevatele kriisidele. Kuid samas n\u00e4eme ju k\u00f5ik, et suurt hulka poliitikuid on tabanud \u201evalgustus\u201c, et jagades k\u00f5igile ja k\u00f5ikjale aina rohkem raha, lahendame k\u00f5ik probleemid.<\/p>\n\n\n\n<p>Selline l\u00e4henemine on p\u00f5him\u00f5tteliselt vale. K\u00f5ik ettev\u00f5tted ja inimesed ei vaja riigi tuge, nad saavad suurep\u00e4raselt ka ise hakkama, v\u00e4he sellest, neile meeldibki ise hakkama saada. Teine asi, mis kipub ununema, on see, et raha jagamine ei t\u00e4henda probleemi lahendamist, kui seda raha ei kasutata otstarbe kohaselt v\u00f5i m\u00f5istlikult. Kui vaja on lasteaia kohta, siis vanematele raha andmine seda probleemi ei lahenda.<\/p>\n\n\n\n<p>Niisiis, peame riigi ja omavalitsuste raha kasutama otstarbekal ja tulemuseni viival moel. Siin on muutusteks ruumi k\u00fcllaga. Ajale jalgu j\u00e4\u00e4nud lahendused tuleb asendada efektiivselt ja tulemuslikult toimivatega, mis kasutavad kaasaegse tehnoloogia ja teaduse saavutusi.<\/p>\n\n\n\n<p>Muudatusi vajab seadusandlus, kaasata tasub rohkem erasektorit ja kogukondi. Kuid eelk\u00f5ige tuleks rohkem usaldada inimesi \u2013 uskuge, nad n\u00e4evad v\u00f5imalusi ja lahendusi ning saavad tegelikult tihtipeale paremini hakkama kui hooldajariiki jutlustavad poliitikud arvavad.<\/p>\n\n\n\n<h3 class=\"wp-block-heading\">Kuid kulutusvajadus ju kasvab?<\/h3>\n\n\n\n<p>Isegi kui me l\u00f5petame riigi paisutamise ja t\u00f5mbame teda mittevajalikes kohtades kokku, on Eestil vajadus v\u00e4hemalt l\u00e4hiaastail teha p\u00e4ris olulisi kulutusi: julgeoleku t\u00f5stmine, infrastruktuuri rajamine, muutused hariduses ja sotsiaalvaldkonnas, sealhulgas tervishoius.<\/p>\n\n\n\n<p>Endiselt on p\u00fcsiv ja pikaajaline risk Venemaa, oluline infrastruktuur on Eesti ajale ja arengule jalgu j\u00e4\u00e4nud, elanikkond vananeb ja l\u00f5puks tuleb minna \u00fcle eestikeelsele haridusele, muud asjaolud otsa. \u00c4rgem unustagem ka, et muutuse l\u00e4biviimine t\u00e4hendab tihtipeale ajutist kulude kasvu. Kuidas siis eelarve tasakaalu viia?<\/p>\n\n\n\n<h3 class=\"wp-block-heading\">Usaldagem ja toetagem nutikust<\/h3>\n\n\n\n<p>Eesti edukuse \u00fcheks oluliseks nurgakiviks kogu taasiseseisvumise aja on olnud nutikus ja julgus seda nutikust laialt rakendada. Me n\u00e4eme seda enim ja rahvusvaheliselt oleme tuntud eelk\u00f5ige IT rakendamisega, kuid tegelikult on meie nutikus ja ettev\u00f5tlikkus palju laiem. K\u00f5igest me ei tea ja ei r\u00e4\u00e4gi ning p\u00e4ris mitmeid asju ja v\u00f5imalusi ei kasuta \u2013 aga v\u00f5iksime!<\/p>\n\n\n\n<p>Sealjuures v\u00f5iks rohkem t\u00e4helepanu saada t\u00f6\u00f6stuses rakendatav. Lisaks, \u00e4rgem unustagem, et IT rakendamisega t\u00f6\u00f6stuses oleme endiselt suhteliselt kehvas seisus.<\/p>\n\n\n\n<p>On oluline, et reformides riiki toimekamaks ja tehes seotud kulutusi, toetaksime eelk\u00f5ike seda tugevat, mis meil on \u2013 haridust ja teadmisi, nutikust, ettev\u00f5tlikkust. See ei t\u00e4henda ilmtingimata raha jagamist toetustena.<\/p>\n\n\n\n<p>Edukas ettev\u00f5tlus vajab harituid ja tublisid t\u00f6\u00f6tajaid \u2013 ehk siis panustagem haridusse, \u00fcmber- ja t\u00e4iend\u00f5ppesse, teadusesse ja innovatsiooni. Edukas ettev\u00f5tlus vajab ausat konkurentsi nii Eestis kui ka v\u00e4listurgudel. Peame tagame Eestis ausa konkurentsi, et \u00e4rireeglid oleksid \u00f5iglased ja k\u00f5igile v\u00f5rdsed.<\/p>\n\n\n\n<p>Riigina peame seisma ausa konkurentsi eest Euroopa Liidus ja laiemalt. Viimases saab tegutseda just nimelt riik ja pingutust on vaja kindlasti suurendada.<\/p>\n\n\n\n<p>Riik saab nutikat ettev\u00f5tlust ergutada ka kaudselt, n\u00e4iteks tellides hangetega uudseid lahendusi, kaasates erasektorit teatud probleemide lahendamistesse, luues v\u00f5imaluse kasutada avaandmeid jne. Selle k\u00f5ige saab kokku v\u00f5tta t\u00f5demusega: riigi roll on v\u00f5imaldada ettev\u00f5tlusel olla edukas.<\/p>\n\n\n\n<p>Seda k\u00f5ike on vajalik teha, sest \u00fchiskond toetub ettev\u00f5tlusele. Edukas ettev\u00f5tlus annab h\u00e4stitasustavat t\u00f6\u00f6d, mis t\u00e4hendab, et rohkemate inimeste sissetulekud on suuremad ja neil kaob v\u00f5i v\u00e4hemalt v\u00e4heneb vajadus riigi toe j\u00e4rgi. Suuremad sissetulekud toovad ka suuremad maksutulud, mis v\u00f5imaldavad lahendada Eesti praeguseid ja probleeme tulevikus.<\/p>\n\n\n\n<p>Juba kuulen, kuis vastu \u00f6eldakse, et k\u00f5ik inimesed ei suuda ja ei saa. Ma olen veendunud, et enamus suudavad, saavad ja tahavad, kuid nad v\u00f5ivad olla ebakindlad ja v\u00e4hese eneseusuga. On mingi \u00fcksik t\u00f5ke v\u00f5i probleem, mis ei v\u00f5imalda neil oma oskusi ja v\u00f5imeid realiseerida, kas siis hea n\u00f5u ja toe puudumise v\u00f5i n\u00e4iteks ka puuduliku transpordi\u00fchenduse t\u00f5ttu. V\u00e4ga palju on v\u00f5imalik, kui selleks sobivat viisi kasutada ning tihtipeale on vaja vaid v\u00e4ikest n\u00f5u ja tuge.<\/p>\n\n\n\n<h3 class=\"wp-block-heading\">Tasakaalus eelarve on v\u00f5imalik<\/h3>\n\n\n\n<p>Kui me kaotame kiirelt ettev\u00f5tlikkust p\u00e4rssivad t\u00f5kked ja loome v\u00f5imalused ettev\u00f5tlikkuse kiireks arenguks ja liikumiseks senisest k\u00f5rgemale tasemele, siis suudab Eesti maksutulusid kasvatada ka maksukoormat t\u00f5stmata. Aga see eeldab, et muudame Eesti riigi toimimise sihip\u00e4rasemaks ja tulemuslikumaks.<br>Toetuste valimatu jagamine seevastu \u00fchtegi probleemi ei lahenda, kuid p\u00e4rsib ettev\u00f5tlikkust. Ohjeldamatu ja sihitu toetuste jagamine viib t\u00f5esti eelarve puuduj\u00e4\u00e4ki ja l\u00f5puks maksude t\u00f5stmiseni. K\u00e4ivituv spiraal viib p\u00fcsiva eelarve puuduj\u00e4\u00e4gini, mis omakorda viib l\u00f5puks aga selliste jamadeni, mille \u00e4rahoidmiseks iga poliitik, kes tahab olla t\u00f5siseltv\u00f5etav, peaks pingutama.<\/p>\n","protected":false},"excerpt":{"rendered":"<p>Ohjeldamatu ja sihitu toetuste jagamine viib t\u00f5esti eelarve puuduj\u00e4\u00e4ki ja l\u00f5puks maksude t\u00f5stmiseni. L\u00f5puks on eelarve puuduj\u00e4\u00e4k nii suur. Liigub ringi legend, et peale valimisi tuleb kindlasti makse t\u00f5sta, kuna eelarve on hiiglaslikus puuduj\u00e4\u00e4gis ja ilma makse t\u00f5stmata ei ole v\u00f5imalik eelarvet tasakaalu viia. Kui v\u00f5tta arvesse k\u00f5igi erinevad soovid ja vajadused, siis on see [&hellip;]<\/p>\n","protected":false},"author":6,"featured_media":1098,"comment_status":"closed","ping_status":"open","sticky":false,"template":"","format":"standard","meta":{"_acf_changed":false,"footnotes":""},"categories":[1],"tags":[],"class_list":["post-4462","post","type-post","status-publish","format-standard","has-post-thumbnail","hentry","category-maaratlemata"],"acf":[],"yoast_head":"<!-- This site is optimized with the Yoast SEO plugin v27.5 - https:\/\/yoast.com\/product\/yoast-seo-wordpress\/ -->\n<title>Maris Lauri: kui inimesel on vaja lasteaiakohta, siis raha vanematele andmine seda ei lahenda | Reformierakond | Riigikogu valimised 2023<\/title>\n<meta name=\"description\" content=\"Ohjeldamatu ja sihitu toetuste jagamine viib t\u00f5esti eelarve puuduj\u00e4\u00e4ki ja l\u00f5puks maksude t\u00f5stmiseni. L\u00f5puks on eelarve puuduj\u00e4\u00e4k nii suur. Liigub ringi\" \/>\n<meta name=\"robots\" content=\"index, follow, max-snippet:-1, max-image-preview:large, max-video-preview:-1\" \/>\n<link rel=\"canonical\" href=\"https:\/\/reform.ee\/riigikogu-valimised-2023\/mustamae-ja-nomme\/uudis\/maris-lauri-kui-inimesel-on-vaja-lasteaiakohta-siis-raha-vanematele-andmine-seda-ei-lahenda\/\" \/>\n<meta property=\"og:locale\" content=\"en_US\" \/>\n<meta property=\"og:type\" content=\"article\" \/>\n<meta property=\"og:title\" content=\"Maris Lauri: kui inimesel on vaja lasteaiakohta, siis raha vanematele andmine seda ei lahenda | Reformierakond | Riigikogu valimised 2023\" \/>\n<meta property=\"og:description\" content=\"Ohjeldamatu ja sihitu toetuste jagamine viib t\u00f5esti eelarve puuduj\u00e4\u00e4ki ja l\u00f5puks maksude t\u00f5stmiseni. L\u00f5puks on eelarve puuduj\u00e4\u00e4k nii suur. Liigub ringi\" \/>\n<meta property=\"og:url\" content=\"https:\/\/reform.ee\/riigikogu-valimised-2023\/mustamae-ja-nomme\/uudis\/maris-lauri-kui-inimesel-on-vaja-lasteaiakohta-siis-raha-vanematele-andmine-seda-ei-lahenda\/\" \/>\n<meta property=\"og:site_name\" content=\"Riigikogu valimised 2023\" \/>\n<meta property=\"article:publisher\" content=\"https:\/\/www.facebook.com\/reformierakond\" \/>\n<meta property=\"article:published_time\" content=\"2023-01-27T08:17:43+00:00\" \/>\n<meta property=\"article:modified_time\" content=\"2023-05-08T12:17:01+00:00\" \/>\n<meta property=\"og:image\" content=\"https:\/\/reform.ee\/riigikogu-valimised-2023\/wp-content\/uploads\/2022\/12\/Maris-Lauri-Riigikogu-valimised-2023-og.jpg\" \/>\n\t<meta property=\"og:image:width\" content=\"1200\" \/>\n\t<meta property=\"og:image:height\" content=\"630\" \/>\n\t<meta property=\"og:image:type\" content=\"image\/jpeg\" \/>\n<meta name=\"author\" content=\"Kristofer Rennel\" \/>\n<meta name=\"twitter:card\" content=\"summary_large_image\" \/>\n<meta name=\"twitter:image\" content=\"https:\/\/reform.ee\/riigikogu-valimised-2023\/wp-content\/uploads\/2022\/12\/Maris-Lauri-Riigikogu-valimised-2023-og.jpg\" \/>\n<meta name=\"twitter:creator\" content=\"@reformikad\" \/>\n<meta name=\"twitter:site\" content=\"@reformikad\" \/>\n<meta name=\"twitter:label1\" content=\"Written by\" \/>\n\t<meta name=\"twitter:data1\" content=\"Kristofer Rennel\" \/>\n\t<meta name=\"twitter:label2\" content=\"Est. reading time\" \/>\n\t<meta name=\"twitter:data2\" content=\"4 minutes\" \/>\n<script type=\"application\/ld+json\" class=\"yoast-schema-graph\">{\"@context\":\"https:\\\/\\\/schema.org\",\"@graph\":[{\"@type\":\"Article\",\"@id\":\"https:\\\/\\\/reform.ee\\\/riigikogu-valimised-2023\\\/mustamae-ja-nomme\\\/uudis\\\/maris-lauri-kui-inimesel-on-vaja-lasteaiakohta-siis-raha-vanematele-andmine-seda-ei-lahenda\\\/#article\",\"isPartOf\":{\"@id\":\"https:\\\/\\\/reform.ee\\\/riigikogu-valimised-2023\\\/mustamae-ja-nomme\\\/uudis\\\/maris-lauri-kui-inimesel-on-vaja-lasteaiakohta-siis-raha-vanematele-andmine-seda-ei-lahenda\\\/\"},\"author\":{\"name\":\"Kristofer Rennel\",\"@id\":\"https:\\\/\\\/reform.ee\\\/riigikogu-valimised-2023\\\/#\\\/schema\\\/person\\\/4bef389f0f042a7a689ceb38807e0bb6\"},\"headline\":\"Maris Lauri: kui inimesel on vaja lasteaiakohta, siis raha vanematele andmine seda ei lahenda\",\"datePublished\":\"2023-01-27T08:17:43+00:00\",\"dateModified\":\"2023-05-08T12:17:01+00:00\",\"mainEntityOfPage\":{\"@id\":\"https:\\\/\\\/reform.ee\\\/riigikogu-valimised-2023\\\/mustamae-ja-nomme\\\/uudis\\\/maris-lauri-kui-inimesel-on-vaja-lasteaiakohta-siis-raha-vanematele-andmine-seda-ei-lahenda\\\/\"},\"wordCount\":924,\"image\":{\"@id\":\"https:\\\/\\\/reform.ee\\\/riigikogu-valimised-2023\\\/mustamae-ja-nomme\\\/uudis\\\/maris-lauri-kui-inimesel-on-vaja-lasteaiakohta-siis-raha-vanematele-andmine-seda-ei-lahenda\\\/#primaryimage\"},\"thumbnailUrl\":\"https:\\\/\\\/reform.ee\\\/riigikogu-valimised-2023\\\/wp-content\\\/uploads\\\/2022\\\/12\\\/Maris_Lauri_riigikogu_valimised_2023.png\",\"articleSection\":[\"M\u00e4\u00e4ratlemata\"],\"inLanguage\":\"en\"},{\"@type\":\"WebPage\",\"@id\":\"https:\\\/\\\/reform.ee\\\/riigikogu-valimised-2023\\\/mustamae-ja-nomme\\\/uudis\\\/maris-lauri-kui-inimesel-on-vaja-lasteaiakohta-siis-raha-vanematele-andmine-seda-ei-lahenda\\\/\",\"url\":\"https:\\\/\\\/reform.ee\\\/riigikogu-valimised-2023\\\/mustamae-ja-nomme\\\/uudis\\\/maris-lauri-kui-inimesel-on-vaja-lasteaiakohta-siis-raha-vanematele-andmine-seda-ei-lahenda\\\/\",\"name\":\"Maris Lauri: kui inimesel on vaja lasteaiakohta, siis raha vanematele andmine seda ei lahenda | Reformierakond | Riigikogu valimised 2023\",\"isPartOf\":{\"@id\":\"https:\\\/\\\/reform.ee\\\/riigikogu-valimised-2023\\\/#website\"},\"primaryImageOfPage\":{\"@id\":\"https:\\\/\\\/reform.ee\\\/riigikogu-valimised-2023\\\/mustamae-ja-nomme\\\/uudis\\\/maris-lauri-kui-inimesel-on-vaja-lasteaiakohta-siis-raha-vanematele-andmine-seda-ei-lahenda\\\/#primaryimage\"},\"image\":{\"@id\":\"https:\\\/\\\/reform.ee\\\/riigikogu-valimised-2023\\\/mustamae-ja-nomme\\\/uudis\\\/maris-lauri-kui-inimesel-on-vaja-lasteaiakohta-siis-raha-vanematele-andmine-seda-ei-lahenda\\\/#primaryimage\"},\"thumbnailUrl\":\"https:\\\/\\\/reform.ee\\\/riigikogu-valimised-2023\\\/wp-content\\\/uploads\\\/2022\\\/12\\\/Maris_Lauri_riigikogu_valimised_2023.png\",\"datePublished\":\"2023-01-27T08:17:43+00:00\",\"dateModified\":\"2023-05-08T12:17:01+00:00\",\"author\":{\"@id\":\"https:\\\/\\\/reform.ee\\\/riigikogu-valimised-2023\\\/#\\\/schema\\\/person\\\/4bef389f0f042a7a689ceb38807e0bb6\"},\"description\":\"Ohjeldamatu ja sihitu toetuste jagamine viib t\u00f5esti eelarve puuduj\u00e4\u00e4ki ja l\u00f5puks maksude t\u00f5stmiseni. L\u00f5puks on eelarve puuduj\u00e4\u00e4k nii suur. Liigub ringi\",\"breadcrumb\":{\"@id\":\"https:\\\/\\\/reform.ee\\\/riigikogu-valimised-2023\\\/mustamae-ja-nomme\\\/uudis\\\/maris-lauri-kui-inimesel-on-vaja-lasteaiakohta-siis-raha-vanematele-andmine-seda-ei-lahenda\\\/#breadcrumb\"},\"inLanguage\":\"en\",\"potentialAction\":[{\"@type\":\"ReadAction\",\"target\":[\"https:\\\/\\\/reform.ee\\\/riigikogu-valimised-2023\\\/mustamae-ja-nomme\\\/uudis\\\/maris-lauri-kui-inimesel-on-vaja-lasteaiakohta-siis-raha-vanematele-andmine-seda-ei-lahenda\\\/\"]}]},{\"@type\":\"ImageObject\",\"inLanguage\":\"en\",\"@id\":\"https:\\\/\\\/reform.ee\\\/riigikogu-valimised-2023\\\/mustamae-ja-nomme\\\/uudis\\\/maris-lauri-kui-inimesel-on-vaja-lasteaiakohta-siis-raha-vanematele-andmine-seda-ei-lahenda\\\/#primaryimage\",\"url\":\"https:\\\/\\\/reform.ee\\\/riigikogu-valimised-2023\\\/wp-content\\\/uploads\\\/2022\\\/12\\\/Maris_Lauri_riigikogu_valimised_2023.png\",\"contentUrl\":\"https:\\\/\\\/reform.ee\\\/riigikogu-valimised-2023\\\/wp-content\\\/uploads\\\/2022\\\/12\\\/Maris_Lauri_riigikogu_valimised_2023.png\",\"width\":1024,\"height\":683,\"caption\":\"Maris Lauri Riigikogu valimised 2023\"},{\"@type\":\"BreadcrumbList\",\"@id\":\"https:\\\/\\\/reform.ee\\\/riigikogu-valimised-2023\\\/mustamae-ja-nomme\\\/uudis\\\/maris-lauri-kui-inimesel-on-vaja-lasteaiakohta-siis-raha-vanematele-andmine-seda-ei-lahenda\\\/#breadcrumb\",\"itemListElement\":[{\"@type\":\"ListItem\",\"position\":1,\"name\":\"Home\",\"item\":\"https:\\\/\\\/reform.ee\\\/riigikogu-valimised-2023\\\/\"},{\"@type\":\"ListItem\",\"position\":2,\"name\":\"Maris Lauri: kui inimesel on vaja lasteaiakohta, siis raha vanematele andmine seda ei lahenda\"}]},{\"@type\":\"WebSite\",\"@id\":\"https:\\\/\\\/reform.ee\\\/riigikogu-valimised-2023\\\/#website\",\"url\":\"https:\\\/\\\/reform.ee\\\/riigikogu-valimised-2023\\\/\",\"name\":\"Riigikogu valimised 2023\",\"description\":\"Reformierakond\",\"potentialAction\":[{\"@type\":\"SearchAction\",\"target\":{\"@type\":\"EntryPoint\",\"urlTemplate\":\"https:\\\/\\\/reform.ee\\\/riigikogu-valimised-2023\\\/?s={search_term_string}\"},\"query-input\":{\"@type\":\"PropertyValueSpecification\",\"valueRequired\":true,\"valueName\":\"search_term_string\"}}],\"inLanguage\":\"en\"},{\"@type\":\"Person\",\"@id\":\"https:\\\/\\\/reform.ee\\\/riigikogu-valimised-2023\\\/#\\\/schema\\\/person\\\/4bef389f0f042a7a689ceb38807e0bb6\",\"name\":\"Kristofer Rennel\",\"image\":{\"@type\":\"ImageObject\",\"inLanguage\":\"en\",\"@id\":\"https:\\\/\\\/secure.gravatar.com\\\/avatar\\\/a088e700647ea1b94a9bd0e427ed487668978dcb83348cd81a729335df378801?s=96&d=mm&r=g\",\"url\":\"https:\\\/\\\/secure.gravatar.com\\\/avatar\\\/a088e700647ea1b94a9bd0e427ed487668978dcb83348cd81a729335df378801?s=96&d=mm&r=g\",\"contentUrl\":\"https:\\\/\\\/secure.gravatar.com\\\/avatar\\\/a088e700647ea1b94a9bd0e427ed487668978dcb83348cd81a729335df378801?s=96&d=mm&r=g\",\"caption\":\"Kristofer Rennel\"}}]}<\/script>\n<!-- \/ Yoast SEO plugin. -->","yoast_head_json":{"title":"Maris Lauri: kui inimesel on vaja lasteaiakohta, siis raha vanematele andmine seda ei lahenda | Reformierakond | Riigikogu valimised 2023","description":"Ohjeldamatu ja sihitu toetuste jagamine viib t\u00f5esti eelarve puuduj\u00e4\u00e4ki ja l\u00f5puks maksude t\u00f5stmiseni. L\u00f5puks on eelarve puuduj\u00e4\u00e4k nii suur. Liigub ringi","robots":{"index":"index","follow":"follow","max-snippet":"max-snippet:-1","max-image-preview":"max-image-preview:large","max-video-preview":"max-video-preview:-1"},"canonical":"https:\/\/reform.ee\/riigikogu-valimised-2023\/mustamae-ja-nomme\/uudis\/maris-lauri-kui-inimesel-on-vaja-lasteaiakohta-siis-raha-vanematele-andmine-seda-ei-lahenda\/","og_locale":"en_US","og_type":"article","og_title":"Maris Lauri: kui inimesel on vaja lasteaiakohta, siis raha vanematele andmine seda ei lahenda | Reformierakond | Riigikogu valimised 2023","og_description":"Ohjeldamatu ja sihitu toetuste jagamine viib t\u00f5esti eelarve puuduj\u00e4\u00e4ki ja l\u00f5puks maksude t\u00f5stmiseni. L\u00f5puks on eelarve puuduj\u00e4\u00e4k nii suur. Liigub ringi","og_url":"https:\/\/reform.ee\/riigikogu-valimised-2023\/mustamae-ja-nomme\/uudis\/maris-lauri-kui-inimesel-on-vaja-lasteaiakohta-siis-raha-vanematele-andmine-seda-ei-lahenda\/","og_site_name":"Riigikogu valimised 2023","article_publisher":"https:\/\/www.facebook.com\/reformierakond","article_published_time":"2023-01-27T08:17:43+00:00","article_modified_time":"2023-05-08T12:17:01+00:00","og_image":[{"width":1200,"height":630,"url":"https:\/\/reform.ee\/riigikogu-valimised-2023\/wp-content\/uploads\/2022\/12\/Maris-Lauri-Riigikogu-valimised-2023-og.jpg","type":"image\/jpeg"}],"author":"Kristofer Rennel","twitter_card":"summary_large_image","twitter_image":"https:\/\/reform.ee\/riigikogu-valimised-2023\/wp-content\/uploads\/2022\/12\/Maris-Lauri-Riigikogu-valimised-2023-og.jpg","twitter_creator":"@reformikad","twitter_site":"@reformikad","twitter_misc":{"Written by":"Kristofer Rennel","Est. reading time":"4 minutes"},"schema":{"@context":"https:\/\/schema.org","@graph":[{"@type":"Article","@id":"https:\/\/reform.ee\/riigikogu-valimised-2023\/mustamae-ja-nomme\/uudis\/maris-lauri-kui-inimesel-on-vaja-lasteaiakohta-siis-raha-vanematele-andmine-seda-ei-lahenda\/#article","isPartOf":{"@id":"https:\/\/reform.ee\/riigikogu-valimised-2023\/mustamae-ja-nomme\/uudis\/maris-lauri-kui-inimesel-on-vaja-lasteaiakohta-siis-raha-vanematele-andmine-seda-ei-lahenda\/"},"author":{"name":"Kristofer Rennel","@id":"https:\/\/reform.ee\/riigikogu-valimised-2023\/#\/schema\/person\/4bef389f0f042a7a689ceb38807e0bb6"},"headline":"Maris Lauri: kui inimesel on vaja lasteaiakohta, siis raha vanematele andmine seda ei lahenda","datePublished":"2023-01-27T08:17:43+00:00","dateModified":"2023-05-08T12:17:01+00:00","mainEntityOfPage":{"@id":"https:\/\/reform.ee\/riigikogu-valimised-2023\/mustamae-ja-nomme\/uudis\/maris-lauri-kui-inimesel-on-vaja-lasteaiakohta-siis-raha-vanematele-andmine-seda-ei-lahenda\/"},"wordCount":924,"image":{"@id":"https:\/\/reform.ee\/riigikogu-valimised-2023\/mustamae-ja-nomme\/uudis\/maris-lauri-kui-inimesel-on-vaja-lasteaiakohta-siis-raha-vanematele-andmine-seda-ei-lahenda\/#primaryimage"},"thumbnailUrl":"https:\/\/reform.ee\/riigikogu-valimised-2023\/wp-content\/uploads\/2022\/12\/Maris_Lauri_riigikogu_valimised_2023.png","articleSection":["M\u00e4\u00e4ratlemata"],"inLanguage":"en"},{"@type":"WebPage","@id":"https:\/\/reform.ee\/riigikogu-valimised-2023\/mustamae-ja-nomme\/uudis\/maris-lauri-kui-inimesel-on-vaja-lasteaiakohta-siis-raha-vanematele-andmine-seda-ei-lahenda\/","url":"https:\/\/reform.ee\/riigikogu-valimised-2023\/mustamae-ja-nomme\/uudis\/maris-lauri-kui-inimesel-on-vaja-lasteaiakohta-siis-raha-vanematele-andmine-seda-ei-lahenda\/","name":"Maris Lauri: kui inimesel on vaja lasteaiakohta, siis raha vanematele andmine seda ei lahenda | Reformierakond | Riigikogu valimised 2023","isPartOf":{"@id":"https:\/\/reform.ee\/riigikogu-valimised-2023\/#website"},"primaryImageOfPage":{"@id":"https:\/\/reform.ee\/riigikogu-valimised-2023\/mustamae-ja-nomme\/uudis\/maris-lauri-kui-inimesel-on-vaja-lasteaiakohta-siis-raha-vanematele-andmine-seda-ei-lahenda\/#primaryimage"},"image":{"@id":"https:\/\/reform.ee\/riigikogu-valimised-2023\/mustamae-ja-nomme\/uudis\/maris-lauri-kui-inimesel-on-vaja-lasteaiakohta-siis-raha-vanematele-andmine-seda-ei-lahenda\/#primaryimage"},"thumbnailUrl":"https:\/\/reform.ee\/riigikogu-valimised-2023\/wp-content\/uploads\/2022\/12\/Maris_Lauri_riigikogu_valimised_2023.png","datePublished":"2023-01-27T08:17:43+00:00","dateModified":"2023-05-08T12:17:01+00:00","author":{"@id":"https:\/\/reform.ee\/riigikogu-valimised-2023\/#\/schema\/person\/4bef389f0f042a7a689ceb38807e0bb6"},"description":"Ohjeldamatu ja sihitu toetuste jagamine viib t\u00f5esti eelarve puuduj\u00e4\u00e4ki ja l\u00f5puks maksude t\u00f5stmiseni. L\u00f5puks on eelarve puuduj\u00e4\u00e4k nii suur. Liigub ringi","breadcrumb":{"@id":"https:\/\/reform.ee\/riigikogu-valimised-2023\/mustamae-ja-nomme\/uudis\/maris-lauri-kui-inimesel-on-vaja-lasteaiakohta-siis-raha-vanematele-andmine-seda-ei-lahenda\/#breadcrumb"},"inLanguage":"en","potentialAction":[{"@type":"ReadAction","target":["https:\/\/reform.ee\/riigikogu-valimised-2023\/mustamae-ja-nomme\/uudis\/maris-lauri-kui-inimesel-on-vaja-lasteaiakohta-siis-raha-vanematele-andmine-seda-ei-lahenda\/"]}]},{"@type":"ImageObject","inLanguage":"en","@id":"https:\/\/reform.ee\/riigikogu-valimised-2023\/mustamae-ja-nomme\/uudis\/maris-lauri-kui-inimesel-on-vaja-lasteaiakohta-siis-raha-vanematele-andmine-seda-ei-lahenda\/#primaryimage","url":"https:\/\/reform.ee\/riigikogu-valimised-2023\/wp-content\/uploads\/2022\/12\/Maris_Lauri_riigikogu_valimised_2023.png","contentUrl":"https:\/\/reform.ee\/riigikogu-valimised-2023\/wp-content\/uploads\/2022\/12\/Maris_Lauri_riigikogu_valimised_2023.png","width":1024,"height":683,"caption":"Maris Lauri Riigikogu valimised 2023"},{"@type":"BreadcrumbList","@id":"https:\/\/reform.ee\/riigikogu-valimised-2023\/mustamae-ja-nomme\/uudis\/maris-lauri-kui-inimesel-on-vaja-lasteaiakohta-siis-raha-vanematele-andmine-seda-ei-lahenda\/#breadcrumb","itemListElement":[{"@type":"ListItem","position":1,"name":"Home","item":"https:\/\/reform.ee\/riigikogu-valimised-2023\/"},{"@type":"ListItem","position":2,"name":"Maris Lauri: kui inimesel on vaja lasteaiakohta, siis raha vanematele andmine seda ei lahenda"}]},{"@type":"WebSite","@id":"https:\/\/reform.ee\/riigikogu-valimised-2023\/#website","url":"https:\/\/reform.ee\/riigikogu-valimised-2023\/","name":"Riigikogu valimised 2023","description":"Reformierakond","potentialAction":[{"@type":"SearchAction","target":{"@type":"EntryPoint","urlTemplate":"https:\/\/reform.ee\/riigikogu-valimised-2023\/?s={search_term_string}"},"query-input":{"@type":"PropertyValueSpecification","valueRequired":true,"valueName":"search_term_string"}}],"inLanguage":"en"},{"@type":"Person","@id":"https:\/\/reform.ee\/riigikogu-valimised-2023\/#\/schema\/person\/4bef389f0f042a7a689ceb38807e0bb6","name":"Kristofer Rennel","image":{"@type":"ImageObject","inLanguage":"en","@id":"https:\/\/secure.gravatar.com\/avatar\/a088e700647ea1b94a9bd0e427ed487668978dcb83348cd81a729335df378801?s=96&d=mm&r=g","url":"https:\/\/secure.gravatar.com\/avatar\/a088e700647ea1b94a9bd0e427ed487668978dcb83348cd81a729335df378801?s=96&d=mm&r=g","contentUrl":"https:\/\/secure.gravatar.com\/avatar\/a088e700647ea1b94a9bd0e427ed487668978dcb83348cd81a729335df378801?s=96&d=mm&r=g","caption":"Kristofer Rennel"}}]}},"_links":{"self":[{"href":"https:\/\/reform.ee\/riigikogu-valimised-2023\/wp-json\/wp\/v2\/posts\/4462","targetHints":{"allow":["GET"]}}],"collection":[{"href":"https:\/\/reform.ee\/riigikogu-valimised-2023\/wp-json\/wp\/v2\/posts"}],"about":[{"href":"https:\/\/reform.ee\/riigikogu-valimised-2023\/wp-json\/wp\/v2\/types\/post"}],"author":[{"embeddable":true,"href":"https:\/\/reform.ee\/riigikogu-valimised-2023\/wp-json\/wp\/v2\/users\/6"}],"replies":[{"embeddable":true,"href":"https:\/\/reform.ee\/riigikogu-valimised-2023\/wp-json\/wp\/v2\/comments?post=4462"}],"version-history":[{"count":2,"href":"https:\/\/reform.ee\/riigikogu-valimised-2023\/wp-json\/wp\/v2\/posts\/4462\/revisions"}],"predecessor-version":[{"id":4465,"href":"https:\/\/reform.ee\/riigikogu-valimised-2023\/wp-json\/wp\/v2\/posts\/4462\/revisions\/4465"}],"wp:featuredmedia":[{"embeddable":true,"href":"https:\/\/reform.ee\/riigikogu-valimised-2023\/wp-json\/wp\/v2\/media\/1098"}],"wp:attachment":[{"href":"https:\/\/reform.ee\/riigikogu-valimised-2023\/wp-json\/wp\/v2\/media?parent=4462"}],"wp:term":[{"taxonomy":"category","embeddable":true,"href":"https:\/\/reform.ee\/riigikogu-valimised-2023\/wp-json\/wp\/v2\/categories?post=4462"},{"taxonomy":"post_tag","embeddable":true,"href":"https:\/\/reform.ee\/riigikogu-valimised-2023\/wp-json\/wp\/v2\/tags?post=4462"}],"curies":[{"name":"wp","href":"https:\/\/api.w.org\/{rel}","templated":true}]}}