{"id":3972,"date":"2023-01-19T15:34:21","date_gmt":"2023-01-19T13:34:21","guid":{"rendered":"https:\/\/reform.ee\/riigikogu-valimised-2023\/?p=3972"},"modified":"2023-05-08T15:17:02","modified_gmt":"2023-05-08T12:17:02","slug":"mart-vorklaev-keeleseaduse-muutmisega-ei-pea-praegu-kiirustama","status":"publish","type":"post","link":"https:\/\/reform.ee\/riigikogu-valimised-2023\/harju-ja-raplamaa\/uudis\/mart-vorklaev-keeleseaduse-muutmisega-ei-pea-praegu-kiirustama\/","title":{"rendered":"Mart V\u00f5rklaev: keeleseaduse muutmisega ei pea praegu kiirustama"},"content":{"rendered":"\n<p>Haridus- ja teadusminister&nbsp;T\u00f5nis Lukas&nbsp;kirjutas, et viimaste koalitsioonik\u00f5neluste ajal&nbsp;Reformierakond&nbsp;eestikeelse hariduse k\u00fcsimuses &#8220;erilist initsiatiivi ei ilmutanud ja oli pigem valmis erimeelsuste \u00fcletamiseks \u00fcleminekut kas leppest \u00fcldse v\u00e4lja v\u00f5i siis vaid deklaratiivseks, t\u00e4htaegadeta tegevussuunaks j\u00e4tma&#8221;.&nbsp;<\/p>\n\n\n\n<p>Reformierakonna&nbsp;l\u00e4bir\u00e4\u00e4kimisdelegatsiooni liikmena viibisin nende k\u00f5neluste juures algusest l\u00f5puni ja \u00fctlen, et Lukas ei r\u00e4\u00e4gi \u00f5igust.&nbsp;Reformierakond&nbsp;seisis k\u00f5neluste jooksul justnimelt konkreetsete \u00fclemineku t\u00e4htaegade eest ja me peame eestikeelse haridusele \u00fcleminekut selle riigikogu \u00fcheks k\u00f5ige olulisemaks saavutuseks \u00fcldse.<\/p>\n\n\n\n<p>Teistmoodi oleks ka imelik. Just&nbsp;Reformierakond&nbsp;t\u00f5statas sellesama \u00fclemineku vajaduse 2017. aasta kohalikel ja 2019. aasta riigikogu valimistel. Tol ajal kuulsime Isamaast peamiselt skepsist meie plaani teostatavuse \u00fcle ning maksimaalselt m\u00f5tteid, et \u00f5ppekeele valik peaks ikkagi olema vabatahtlik. Kuna riigikogus olime sel ajal opositsioonis, h\u00e4\u00e4letas parlament meie selleteemalisi algatusi kolm korda maha ja seda muidugi&nbsp;Keskerakonna, aga ka Isamaa ja&nbsp;EKRE&nbsp;h\u00e4\u00e4ltega.<\/p>\n\n\n\n<p>Just&nbsp;Reformierakond&nbsp;seisis 2021. aasta jaanuaris valitsusk\u00f5nelustel&nbsp;Keskerakonnaga&nbsp;eestikeelsele haridusele \u00fclemineku eest ja erinevalt&nbsp;J\u00fcri Ratase valitsustest&nbsp;saime koalitsioonilepingusse ka konkreetse sammu, nimelt eestikeelse hariduse tegevuskava koostamise.<\/p>\n\n\n\n<p>Aga veel olulisem, selle protsessi eest vastutas&nbsp;reformierakondlasest&nbsp;haridusminister&nbsp;Liina Kersna, kelle juhtimisel see aastak\u00fcmneid paigal seisnud protsess l\u00f5puks liikuma l\u00e4ks. Tegevuskava valmis 2021. aasta s\u00fcgisel.<\/p>\n\n\n\n<p>Meenutan, et just eestikeelsele haridusele \u00fcleminek oli p\u00f5hjus, miks&nbsp;Kaja Kallase valitsus&nbsp;Keskerakonnaga&nbsp;lagunes, nimelt h\u00e4\u00e4letas&nbsp;Keskerakond&nbsp;koos&nbsp;EKRE-ga riigikogus maha alushariduse seaduse, mis oleks lasteaiad muutnud eestikeelseks, kuigi valitsuses olid nad seda seadust toetanud. P\u00e4rast seda viis&nbsp;Kaja Kallas&nbsp;Kadriorgu paberi&nbsp;keskerakondlastest&nbsp;ministrite vabastamiseks ja algasid koalitsioonik\u00f5nelused Isamaa ja&nbsp;sotsiaaldemokraatidega.<\/p>\n\n\n\n<p>Kahtlemata tuleb tunnustada neid omavalitsusi, mis eestikeelsele haridusele \u00fclemineku koolides on juba ette v\u00f5tnud, n\u00e4iteks Tartu v\u00f5i Keila (muide, m\u00f5lemad&nbsp;reformierakondlaste&nbsp;juhitud). Nende kogemusest on riik saanud oma \u00fcleminekuprotsessi planeerides \u00f5ppida. Ja tunnustada tuleb ka&nbsp;T\u00f5nis Lukast, kes oma kolmandal ametiajal&nbsp;haridusministrina&nbsp;eestikeelsele haridusele \u00fclemineku aastaks 2030 riigikogul seaduseks aitas vormida. Aga v\u00e4ita, et&nbsp;Reformierakonnal&nbsp;sellega mingit pistmist ei ole v\u00f5i et me poleks olnud sel teemal entusiastlikud, on lihtsalt vale.<\/p>\n\n\n\n<p>Mis puudutab keeleseadust, siis 99 protsendi ulatuses on tegemist Isamaa valmisprogrammi koopiaga. Seal on ideid, mida tasub arutada ning ka \u00e4ra teha. Kuid selle rakendamisega pole praegu nii kiire, et selle peaks hea seadusloome tavasid rikkudes valimiskampaania tuhinas l\u00e4bim\u00f5tlemata vastu v\u00f5tma. M\u00f5istlik oleks, et minister algataks seaduse v\u00e4ljat\u00f6\u00f6tamiskavatsuse, kaasaks ja kuulaks huvigruppe, saadaks selle koosk\u00f5lastusringile ja j\u00e4rgmine valitsus saaks sellega juba edasi minna, samamoodi nagu eestikeelsele haridusele \u00fclemineku rakendamisega.<\/p>\n","protected":false},"excerpt":{"rendered":"<p>Haridus- ja teadusminister&nbsp;T\u00f5nis Lukas&nbsp;kirjutas, et viimaste koalitsioonik\u00f5neluste ajal&nbsp;Reformierakond&nbsp;eestikeelse hariduse k\u00fcsimuses &#8220;erilist initsiatiivi ei ilmutanud ja oli pigem valmis erimeelsuste \u00fcletamiseks \u00fcleminekut kas leppest \u00fcldse v\u00e4lja v\u00f5i siis vaid deklaratiivseks, t\u00e4htaegadeta tegevussuunaks j\u00e4tma&#8221;.&nbsp; Reformierakonna&nbsp;l\u00e4bir\u00e4\u00e4kimisdelegatsiooni liikmena viibisin nende k\u00f5neluste juures algusest l\u00f5puni ja \u00fctlen, et Lukas ei r\u00e4\u00e4gi \u00f5igust.&nbsp;Reformierakond&nbsp;seisis k\u00f5neluste jooksul justnimelt konkreetsete \u00fclemineku t\u00e4htaegade eest ja [&hellip;]<\/p>\n","protected":false},"author":6,"featured_media":521,"comment_status":"closed","ping_status":"open","sticky":false,"template":"","format":"standard","meta":{"_acf_changed":false,"footnotes":""},"categories":[1],"tags":[],"class_list":["post-3972","post","type-post","status-publish","format-standard","has-post-thumbnail","hentry","category-maaratlemata"],"acf":[],"yoast_head":"<!-- This site is optimized with the Yoast SEO plugin v27.5 - https:\/\/yoast.com\/product\/yoast-seo-wordpress\/ -->\n<title>Mart V\u00f5rklaev: keeleseaduse muutmisega ei pea praegu kiirustama | Reformierakond | Riigikogu valimised 2023<\/title>\n<meta name=\"description\" content=\"Haridus- ja teadusminister&nbsp;T\u00f5nis Lukas&nbsp;kirjutas, et viimaste koalitsioonik\u00f5neluste ajal&nbsp;Reformierakond&nbsp;eestikeelse hariduse k\u00fcsimuses\" \/>\n<meta name=\"robots\" content=\"index, follow, max-snippet:-1, max-image-preview:large, max-video-preview:-1\" \/>\n<link rel=\"canonical\" href=\"https:\/\/reform.ee\/riigikogu-valimised-2023\/harju-ja-raplamaa\/uudis\/mart-vorklaev-keeleseaduse-muutmisega-ei-pea-praegu-kiirustama\/\" \/>\n<meta property=\"og:locale\" content=\"en_US\" \/>\n<meta property=\"og:type\" content=\"article\" \/>\n<meta property=\"og:title\" content=\"Mart V\u00f5rklaev: keeleseaduse muutmisega ei pea praegu kiirustama | Reformierakond | Riigikogu valimised 2023\" \/>\n<meta property=\"og:description\" content=\"Haridus- ja teadusminister&nbsp;T\u00f5nis Lukas&nbsp;kirjutas, et viimaste koalitsioonik\u00f5neluste ajal&nbsp;Reformierakond&nbsp;eestikeelse hariduse k\u00fcsimuses\" \/>\n<meta property=\"og:url\" content=\"https:\/\/reform.ee\/riigikogu-valimised-2023\/harju-ja-raplamaa\/uudis\/mart-vorklaev-keeleseaduse-muutmisega-ei-pea-praegu-kiirustama\/\" \/>\n<meta property=\"og:site_name\" content=\"Riigikogu valimised 2023\" \/>\n<meta property=\"article:publisher\" content=\"https:\/\/www.facebook.com\/reformierakond\" \/>\n<meta property=\"article:published_time\" content=\"2023-01-19T13:34:21+00:00\" \/>\n<meta property=\"article:modified_time\" content=\"2023-05-08T12:17:02+00:00\" \/>\n<meta property=\"og:image\" content=\"https:\/\/reform.ee\/riigikogu-valimised-2023\/wp-content\/uploads\/2022\/12\/Mart-Vorklaev-Riigikogu-valimised-2023-og.jpg\" \/>\n\t<meta property=\"og:image:width\" content=\"1200\" \/>\n\t<meta property=\"og:image:height\" content=\"630\" \/>\n\t<meta property=\"og:image:type\" content=\"image\/jpeg\" \/>\n<meta name=\"author\" content=\"Kristofer Rennel\" \/>\n<meta name=\"twitter:card\" content=\"summary_large_image\" \/>\n<meta name=\"twitter:image\" content=\"https:\/\/reform.ee\/riigikogu-valimised-2023\/wp-content\/uploads\/2022\/12\/Mart-Vorklaev-Riigikogu-valimised-2023-og.jpg\" \/>\n<meta name=\"twitter:creator\" content=\"@reformikad\" \/>\n<meta name=\"twitter:site\" content=\"@reformikad\" \/>\n<meta name=\"twitter:label1\" content=\"Written by\" \/>\n\t<meta name=\"twitter:data1\" content=\"Kristofer Rennel\" \/>\n\t<meta name=\"twitter:label2\" content=\"Est. reading time\" \/>\n\t<meta name=\"twitter:data2\" content=\"2 minutes\" \/>\n<script type=\"application\/ld+json\" class=\"yoast-schema-graph\">{\"@context\":\"https:\\\/\\\/schema.org\",\"@graph\":[{\"@type\":\"Article\",\"@id\":\"https:\\\/\\\/reform.ee\\\/riigikogu-valimised-2023\\\/harju-ja-raplamaa\\\/uudis\\\/mart-vorklaev-keeleseaduse-muutmisega-ei-pea-praegu-kiirustama\\\/#article\",\"isPartOf\":{\"@id\":\"https:\\\/\\\/reform.ee\\\/riigikogu-valimised-2023\\\/harju-ja-raplamaa\\\/uudis\\\/mart-vorklaev-keeleseaduse-muutmisega-ei-pea-praegu-kiirustama\\\/\"},\"author\":{\"name\":\"Kristofer Rennel\",\"@id\":\"https:\\\/\\\/reform.ee\\\/riigikogu-valimised-2023\\\/#\\\/schema\\\/person\\\/4bef389f0f042a7a689ceb38807e0bb6\"},\"headline\":\"Mart V\u00f5rklaev: keeleseaduse muutmisega ei pea praegu kiirustama\",\"datePublished\":\"2023-01-19T13:34:21+00:00\",\"dateModified\":\"2023-05-08T12:17:02+00:00\",\"mainEntityOfPage\":{\"@id\":\"https:\\\/\\\/reform.ee\\\/riigikogu-valimised-2023\\\/harju-ja-raplamaa\\\/uudis\\\/mart-vorklaev-keeleseaduse-muutmisega-ei-pea-praegu-kiirustama\\\/\"},\"wordCount\":467,\"image\":{\"@id\":\"https:\\\/\\\/reform.ee\\\/riigikogu-valimised-2023\\\/harju-ja-raplamaa\\\/uudis\\\/mart-vorklaev-keeleseaduse-muutmisega-ei-pea-praegu-kiirustama\\\/#primaryimage\"},\"thumbnailUrl\":\"https:\\\/\\\/reform.ee\\\/riigikogu-valimised-2023\\\/wp-content\\\/uploads\\\/2022\\\/11\\\/Mart-Vorklaev.jpg\",\"articleSection\":[\"M\u00e4\u00e4ratlemata\"],\"inLanguage\":\"en\"},{\"@type\":\"WebPage\",\"@id\":\"https:\\\/\\\/reform.ee\\\/riigikogu-valimised-2023\\\/harju-ja-raplamaa\\\/uudis\\\/mart-vorklaev-keeleseaduse-muutmisega-ei-pea-praegu-kiirustama\\\/\",\"url\":\"https:\\\/\\\/reform.ee\\\/riigikogu-valimised-2023\\\/harju-ja-raplamaa\\\/uudis\\\/mart-vorklaev-keeleseaduse-muutmisega-ei-pea-praegu-kiirustama\\\/\",\"name\":\"Mart V\u00f5rklaev: keeleseaduse muutmisega ei pea praegu kiirustama | Reformierakond | Riigikogu valimised 2023\",\"isPartOf\":{\"@id\":\"https:\\\/\\\/reform.ee\\\/riigikogu-valimised-2023\\\/#website\"},\"primaryImageOfPage\":{\"@id\":\"https:\\\/\\\/reform.ee\\\/riigikogu-valimised-2023\\\/harju-ja-raplamaa\\\/uudis\\\/mart-vorklaev-keeleseaduse-muutmisega-ei-pea-praegu-kiirustama\\\/#primaryimage\"},\"image\":{\"@id\":\"https:\\\/\\\/reform.ee\\\/riigikogu-valimised-2023\\\/harju-ja-raplamaa\\\/uudis\\\/mart-vorklaev-keeleseaduse-muutmisega-ei-pea-praegu-kiirustama\\\/#primaryimage\"},\"thumbnailUrl\":\"https:\\\/\\\/reform.ee\\\/riigikogu-valimised-2023\\\/wp-content\\\/uploads\\\/2022\\\/11\\\/Mart-Vorklaev.jpg\",\"datePublished\":\"2023-01-19T13:34:21+00:00\",\"dateModified\":\"2023-05-08T12:17:02+00:00\",\"author\":{\"@id\":\"https:\\\/\\\/reform.ee\\\/riigikogu-valimised-2023\\\/#\\\/schema\\\/person\\\/4bef389f0f042a7a689ceb38807e0bb6\"},\"description\":\"Haridus- ja teadusminister&nbsp;T\u00f5nis Lukas&nbsp;kirjutas, et viimaste koalitsioonik\u00f5neluste ajal&nbsp;Reformierakond&nbsp;eestikeelse hariduse k\u00fcsimuses\",\"breadcrumb\":{\"@id\":\"https:\\\/\\\/reform.ee\\\/riigikogu-valimised-2023\\\/harju-ja-raplamaa\\\/uudis\\\/mart-vorklaev-keeleseaduse-muutmisega-ei-pea-praegu-kiirustama\\\/#breadcrumb\"},\"inLanguage\":\"en\",\"potentialAction\":[{\"@type\":\"ReadAction\",\"target\":[\"https:\\\/\\\/reform.ee\\\/riigikogu-valimised-2023\\\/harju-ja-raplamaa\\\/uudis\\\/mart-vorklaev-keeleseaduse-muutmisega-ei-pea-praegu-kiirustama\\\/\"]}]},{\"@type\":\"ImageObject\",\"inLanguage\":\"en\",\"@id\":\"https:\\\/\\\/reform.ee\\\/riigikogu-valimised-2023\\\/harju-ja-raplamaa\\\/uudis\\\/mart-vorklaev-keeleseaduse-muutmisega-ei-pea-praegu-kiirustama\\\/#primaryimage\",\"url\":\"https:\\\/\\\/reform.ee\\\/riigikogu-valimised-2023\\\/wp-content\\\/uploads\\\/2022\\\/11\\\/Mart-Vorklaev.jpg\",\"contentUrl\":\"https:\\\/\\\/reform.ee\\\/riigikogu-valimised-2023\\\/wp-content\\\/uploads\\\/2022\\\/11\\\/Mart-Vorklaev.jpg\",\"width\":497,\"height\":498},{\"@type\":\"BreadcrumbList\",\"@id\":\"https:\\\/\\\/reform.ee\\\/riigikogu-valimised-2023\\\/harju-ja-raplamaa\\\/uudis\\\/mart-vorklaev-keeleseaduse-muutmisega-ei-pea-praegu-kiirustama\\\/#breadcrumb\",\"itemListElement\":[{\"@type\":\"ListItem\",\"position\":1,\"name\":\"Home\",\"item\":\"https:\\\/\\\/reform.ee\\\/riigikogu-valimised-2023\\\/\"},{\"@type\":\"ListItem\",\"position\":2,\"name\":\"Mart V\u00f5rklaev: keeleseaduse muutmisega ei pea praegu kiirustama\"}]},{\"@type\":\"WebSite\",\"@id\":\"https:\\\/\\\/reform.ee\\\/riigikogu-valimised-2023\\\/#website\",\"url\":\"https:\\\/\\\/reform.ee\\\/riigikogu-valimised-2023\\\/\",\"name\":\"Riigikogu valimised 2023\",\"description\":\"Reformierakond\",\"potentialAction\":[{\"@type\":\"SearchAction\",\"target\":{\"@type\":\"EntryPoint\",\"urlTemplate\":\"https:\\\/\\\/reform.ee\\\/riigikogu-valimised-2023\\\/?s={search_term_string}\"},\"query-input\":{\"@type\":\"PropertyValueSpecification\",\"valueRequired\":true,\"valueName\":\"search_term_string\"}}],\"inLanguage\":\"en\"},{\"@type\":\"Person\",\"@id\":\"https:\\\/\\\/reform.ee\\\/riigikogu-valimised-2023\\\/#\\\/schema\\\/person\\\/4bef389f0f042a7a689ceb38807e0bb6\",\"name\":\"Kristofer Rennel\",\"image\":{\"@type\":\"ImageObject\",\"inLanguage\":\"en\",\"@id\":\"https:\\\/\\\/secure.gravatar.com\\\/avatar\\\/a088e700647ea1b94a9bd0e427ed487668978dcb83348cd81a729335df378801?s=96&d=mm&r=g\",\"url\":\"https:\\\/\\\/secure.gravatar.com\\\/avatar\\\/a088e700647ea1b94a9bd0e427ed487668978dcb83348cd81a729335df378801?s=96&d=mm&r=g\",\"contentUrl\":\"https:\\\/\\\/secure.gravatar.com\\\/avatar\\\/a088e700647ea1b94a9bd0e427ed487668978dcb83348cd81a729335df378801?s=96&d=mm&r=g\",\"caption\":\"Kristofer Rennel\"}}]}<\/script>\n<!-- \/ Yoast SEO plugin. -->","yoast_head_json":{"title":"Mart V\u00f5rklaev: keeleseaduse muutmisega ei pea praegu kiirustama | Reformierakond | Riigikogu valimised 2023","description":"Haridus- ja teadusminister&nbsp;T\u00f5nis Lukas&nbsp;kirjutas, et viimaste koalitsioonik\u00f5neluste ajal&nbsp;Reformierakond&nbsp;eestikeelse hariduse k\u00fcsimuses","robots":{"index":"index","follow":"follow","max-snippet":"max-snippet:-1","max-image-preview":"max-image-preview:large","max-video-preview":"max-video-preview:-1"},"canonical":"https:\/\/reform.ee\/riigikogu-valimised-2023\/harju-ja-raplamaa\/uudis\/mart-vorklaev-keeleseaduse-muutmisega-ei-pea-praegu-kiirustama\/","og_locale":"en_US","og_type":"article","og_title":"Mart V\u00f5rklaev: keeleseaduse muutmisega ei pea praegu kiirustama | Reformierakond | Riigikogu valimised 2023","og_description":"Haridus- ja teadusminister&nbsp;T\u00f5nis Lukas&nbsp;kirjutas, et viimaste koalitsioonik\u00f5neluste ajal&nbsp;Reformierakond&nbsp;eestikeelse hariduse k\u00fcsimuses","og_url":"https:\/\/reform.ee\/riigikogu-valimised-2023\/harju-ja-raplamaa\/uudis\/mart-vorklaev-keeleseaduse-muutmisega-ei-pea-praegu-kiirustama\/","og_site_name":"Riigikogu valimised 2023","article_publisher":"https:\/\/www.facebook.com\/reformierakond","article_published_time":"2023-01-19T13:34:21+00:00","article_modified_time":"2023-05-08T12:17:02+00:00","og_image":[{"width":1200,"height":630,"url":"https:\/\/reform.ee\/riigikogu-valimised-2023\/wp-content\/uploads\/2022\/12\/Mart-Vorklaev-Riigikogu-valimised-2023-og.jpg","type":"image\/jpeg"}],"author":"Kristofer Rennel","twitter_card":"summary_large_image","twitter_image":"https:\/\/reform.ee\/riigikogu-valimised-2023\/wp-content\/uploads\/2022\/12\/Mart-Vorklaev-Riigikogu-valimised-2023-og.jpg","twitter_creator":"@reformikad","twitter_site":"@reformikad","twitter_misc":{"Written by":"Kristofer Rennel","Est. reading time":"2 minutes"},"schema":{"@context":"https:\/\/schema.org","@graph":[{"@type":"Article","@id":"https:\/\/reform.ee\/riigikogu-valimised-2023\/harju-ja-raplamaa\/uudis\/mart-vorklaev-keeleseaduse-muutmisega-ei-pea-praegu-kiirustama\/#article","isPartOf":{"@id":"https:\/\/reform.ee\/riigikogu-valimised-2023\/harju-ja-raplamaa\/uudis\/mart-vorklaev-keeleseaduse-muutmisega-ei-pea-praegu-kiirustama\/"},"author":{"name":"Kristofer Rennel","@id":"https:\/\/reform.ee\/riigikogu-valimised-2023\/#\/schema\/person\/4bef389f0f042a7a689ceb38807e0bb6"},"headline":"Mart V\u00f5rklaev: keeleseaduse muutmisega ei pea praegu kiirustama","datePublished":"2023-01-19T13:34:21+00:00","dateModified":"2023-05-08T12:17:02+00:00","mainEntityOfPage":{"@id":"https:\/\/reform.ee\/riigikogu-valimised-2023\/harju-ja-raplamaa\/uudis\/mart-vorklaev-keeleseaduse-muutmisega-ei-pea-praegu-kiirustama\/"},"wordCount":467,"image":{"@id":"https:\/\/reform.ee\/riigikogu-valimised-2023\/harju-ja-raplamaa\/uudis\/mart-vorklaev-keeleseaduse-muutmisega-ei-pea-praegu-kiirustama\/#primaryimage"},"thumbnailUrl":"https:\/\/reform.ee\/riigikogu-valimised-2023\/wp-content\/uploads\/2022\/11\/Mart-Vorklaev.jpg","articleSection":["M\u00e4\u00e4ratlemata"],"inLanguage":"en"},{"@type":"WebPage","@id":"https:\/\/reform.ee\/riigikogu-valimised-2023\/harju-ja-raplamaa\/uudis\/mart-vorklaev-keeleseaduse-muutmisega-ei-pea-praegu-kiirustama\/","url":"https:\/\/reform.ee\/riigikogu-valimised-2023\/harju-ja-raplamaa\/uudis\/mart-vorklaev-keeleseaduse-muutmisega-ei-pea-praegu-kiirustama\/","name":"Mart V\u00f5rklaev: keeleseaduse muutmisega ei pea praegu kiirustama | Reformierakond | Riigikogu valimised 2023","isPartOf":{"@id":"https:\/\/reform.ee\/riigikogu-valimised-2023\/#website"},"primaryImageOfPage":{"@id":"https:\/\/reform.ee\/riigikogu-valimised-2023\/harju-ja-raplamaa\/uudis\/mart-vorklaev-keeleseaduse-muutmisega-ei-pea-praegu-kiirustama\/#primaryimage"},"image":{"@id":"https:\/\/reform.ee\/riigikogu-valimised-2023\/harju-ja-raplamaa\/uudis\/mart-vorklaev-keeleseaduse-muutmisega-ei-pea-praegu-kiirustama\/#primaryimage"},"thumbnailUrl":"https:\/\/reform.ee\/riigikogu-valimised-2023\/wp-content\/uploads\/2022\/11\/Mart-Vorklaev.jpg","datePublished":"2023-01-19T13:34:21+00:00","dateModified":"2023-05-08T12:17:02+00:00","author":{"@id":"https:\/\/reform.ee\/riigikogu-valimised-2023\/#\/schema\/person\/4bef389f0f042a7a689ceb38807e0bb6"},"description":"Haridus- ja teadusminister&nbsp;T\u00f5nis Lukas&nbsp;kirjutas, et viimaste koalitsioonik\u00f5neluste ajal&nbsp;Reformierakond&nbsp;eestikeelse hariduse k\u00fcsimuses","breadcrumb":{"@id":"https:\/\/reform.ee\/riigikogu-valimised-2023\/harju-ja-raplamaa\/uudis\/mart-vorklaev-keeleseaduse-muutmisega-ei-pea-praegu-kiirustama\/#breadcrumb"},"inLanguage":"en","potentialAction":[{"@type":"ReadAction","target":["https:\/\/reform.ee\/riigikogu-valimised-2023\/harju-ja-raplamaa\/uudis\/mart-vorklaev-keeleseaduse-muutmisega-ei-pea-praegu-kiirustama\/"]}]},{"@type":"ImageObject","inLanguage":"en","@id":"https:\/\/reform.ee\/riigikogu-valimised-2023\/harju-ja-raplamaa\/uudis\/mart-vorklaev-keeleseaduse-muutmisega-ei-pea-praegu-kiirustama\/#primaryimage","url":"https:\/\/reform.ee\/riigikogu-valimised-2023\/wp-content\/uploads\/2022\/11\/Mart-Vorklaev.jpg","contentUrl":"https:\/\/reform.ee\/riigikogu-valimised-2023\/wp-content\/uploads\/2022\/11\/Mart-Vorklaev.jpg","width":497,"height":498},{"@type":"BreadcrumbList","@id":"https:\/\/reform.ee\/riigikogu-valimised-2023\/harju-ja-raplamaa\/uudis\/mart-vorklaev-keeleseaduse-muutmisega-ei-pea-praegu-kiirustama\/#breadcrumb","itemListElement":[{"@type":"ListItem","position":1,"name":"Home","item":"https:\/\/reform.ee\/riigikogu-valimised-2023\/"},{"@type":"ListItem","position":2,"name":"Mart V\u00f5rklaev: keeleseaduse muutmisega ei pea praegu kiirustama"}]},{"@type":"WebSite","@id":"https:\/\/reform.ee\/riigikogu-valimised-2023\/#website","url":"https:\/\/reform.ee\/riigikogu-valimised-2023\/","name":"Riigikogu valimised 2023","description":"Reformierakond","potentialAction":[{"@type":"SearchAction","target":{"@type":"EntryPoint","urlTemplate":"https:\/\/reform.ee\/riigikogu-valimised-2023\/?s={search_term_string}"},"query-input":{"@type":"PropertyValueSpecification","valueRequired":true,"valueName":"search_term_string"}}],"inLanguage":"en"},{"@type":"Person","@id":"https:\/\/reform.ee\/riigikogu-valimised-2023\/#\/schema\/person\/4bef389f0f042a7a689ceb38807e0bb6","name":"Kristofer Rennel","image":{"@type":"ImageObject","inLanguage":"en","@id":"https:\/\/secure.gravatar.com\/avatar\/a088e700647ea1b94a9bd0e427ed487668978dcb83348cd81a729335df378801?s=96&d=mm&r=g","url":"https:\/\/secure.gravatar.com\/avatar\/a088e700647ea1b94a9bd0e427ed487668978dcb83348cd81a729335df378801?s=96&d=mm&r=g","contentUrl":"https:\/\/secure.gravatar.com\/avatar\/a088e700647ea1b94a9bd0e427ed487668978dcb83348cd81a729335df378801?s=96&d=mm&r=g","caption":"Kristofer Rennel"}}]}},"_links":{"self":[{"href":"https:\/\/reform.ee\/riigikogu-valimised-2023\/wp-json\/wp\/v2\/posts\/3972","targetHints":{"allow":["GET"]}}],"collection":[{"href":"https:\/\/reform.ee\/riigikogu-valimised-2023\/wp-json\/wp\/v2\/posts"}],"about":[{"href":"https:\/\/reform.ee\/riigikogu-valimised-2023\/wp-json\/wp\/v2\/types\/post"}],"author":[{"embeddable":true,"href":"https:\/\/reform.ee\/riigikogu-valimised-2023\/wp-json\/wp\/v2\/users\/6"}],"replies":[{"embeddable":true,"href":"https:\/\/reform.ee\/riigikogu-valimised-2023\/wp-json\/wp\/v2\/comments?post=3972"}],"version-history":[{"count":2,"href":"https:\/\/reform.ee\/riigikogu-valimised-2023\/wp-json\/wp\/v2\/posts\/3972\/revisions"}],"predecessor-version":[{"id":3974,"href":"https:\/\/reform.ee\/riigikogu-valimised-2023\/wp-json\/wp\/v2\/posts\/3972\/revisions\/3974"}],"wp:featuredmedia":[{"embeddable":true,"href":"https:\/\/reform.ee\/riigikogu-valimised-2023\/wp-json\/wp\/v2\/media\/521"}],"wp:attachment":[{"href":"https:\/\/reform.ee\/riigikogu-valimised-2023\/wp-json\/wp\/v2\/media?parent=3972"}],"wp:term":[{"taxonomy":"category","embeddable":true,"href":"https:\/\/reform.ee\/riigikogu-valimised-2023\/wp-json\/wp\/v2\/categories?post=3972"},{"taxonomy":"post_tag","embeddable":true,"href":"https:\/\/reform.ee\/riigikogu-valimised-2023\/wp-json\/wp\/v2\/tags?post=3972"}],"curies":[{"name":"wp","href":"https:\/\/api.w.org\/{rel}","templated":true}]}}