{"id":1524,"date":"2022-11-03T22:16:00","date_gmt":"2022-11-03T20:16:00","guid":{"rendered":"https:\/\/reform.ee\/riigikogu-valimised-2023\/?p=1524"},"modified":"2023-05-08T15:17:12","modified_gmt":"2023-05-08T12:17:12","slug":"kindralmajor-meelis-kiili-liitus-reformierakonnaga-ja-kandideerib-valimistel","status":"publish","type":"post","link":"https:\/\/reform.ee\/riigikogu-valimised-2023\/ida-virumaa\/uudis\/kindralmajor-meelis-kiili-liitus-reformierakonnaga-ja-kandideerib-valimistel\/","title":{"rendered":"Kindralmajor Meelis Kiili liitus Reformierakonnaga ja kandideerib valimistel"},"content":{"rendered":"\n<p><strong>Pikaaegne Kaitseliidu \u00fclem, kindralmajor reservis Meelis Kiili liitus Reformierakonnaga ja kandideerib m\u00e4rtsis toimuvatel Riigikogu valimistel Ida-Virumaal.<\/strong><\/p>\n\n\n\n<p>Meelis Kiili s\u00f5nab, et on teeninud Eesti riiki \u00fcle poole oma elust Kaitsev\u00e4e ridades ning soovib panustada oma oskuste ja teadmistega riigi juhtimisse.<\/p>\n\n\n\n<p>\u201cOlen juhtinud Kaitseliitu, harinud ohvitsere Balti kaitsekolled\u017ei \u00fclemana, kaitsnud riiklikke huve ata\u0161eena Ameerika \u00dchendriikides ja esindanud Eestit NATO s\u00f5jalis- strateegilises peakorteris,\u201d s\u00f5nas Kiili. \u201cOlen k\u00e4inud v\u00e4lismissioonil Liibanonis, viibinud Afganistanis, Iraagis, Kosovos ja Bosnias, teinud koost\u00f6\u00f6d Gruusia ja Ukraina kaitsev\u00e4ega. Olen n\u00e4inud, mida teeb s\u00f5da inimeste ja \u00fchiskonnaga.\u201d<\/p>\n\n\n\n<p>\u201cTahan j\u00e4tkuvalt teenida Eesti riiki, panustada oma oskuseid, teadmisi ja tahet selleks, et inimeste julgeolek oleks tagatud ning s\u00f5da v\u00f5idetaks enne selle puhkemist. Vajame kindlalt hoitud Eestit, tarka rahvuspoliitikat ja tasakaalustatud tegevusi. Sestap olen otsustanud liituda Reformierakonnaga ja kandideerida riigikokku, et \u00fchtse meeskonnana seista Eesti eest,\u201d m\u00e4rkis Kiili.<\/p>\n\n\n\n<p>Reformierakonna juht Kaja Kallas s\u00f5nas, et kindralmajor Meelis Kiili teadmised ja kogemused julgeolekupoliitikast teevad temast tugeva Riigikogu liikme kandidaadi. \u201cKiili on s\u00f5jandusvaldkonna \u00fcks parimaid eksperte, kelle liitumine Reformierakonnaga tugevdab veelgi meie julgeolekukompetentsi. Tema p\u00e4devus riigikaitse ja liitlassuhete vallas on praeguses julgeolekuolukorras Eestile vajalik ning mul on hea meel, et Kiili soovib sellega riigijuhtimisse panustada.\u201d<\/p>\n\n\n\n<p>Meelis Kiili on panustanud Eesti riigikaitsesse \u00fcle 30 aasta nii Eestis kui meie liitlaste juures, aga ka v\u00e4lismissioonidel s\u00f5jakolletes. Kiili t\u00f6\u00f6tas aastail 2005-2006 maav\u00e4e staabi \u00fclemana, 2006-2007 kaitsej\u00f5udude peastaabi \u00fclema aset\u00e4itjana. 2008-2010 oli Kiili Eesti kaitseata\u0161ee Ameerika \u00dchendriikides ja Kanadas, 2010-2012. aastatel Balti Kaitsekolled\u017ei \u00fclem ning 2012-2019 oli Kiili Kaitseliidu \u00fclem.&nbsp; 2011. aastal l\u00f5petas Meelis Kiili Ameerika \u00dchendriikide maav\u00e4e s\u00f5jakolled\u017ei magistrikraadiga.<\/p>\n","protected":false},"excerpt":{"rendered":"<p>Pikaaegne Kaitseliidu \u00fclem, kindralmajor reservis Meelis Kiili liitus Reformierakonnaga ja kandideerib m\u00e4rtsis toimuvatel Riigikogu valimistel Ida-Virumaal. Meelis Kiili s\u00f5nab, et on teeninud Eesti riiki \u00fcle poole oma elust Kaitsev\u00e4e ridades ning soovib panustada oma oskuste ja teadmistega riigi juhtimisse. \u201cOlen juhtinud Kaitseliitu, harinud ohvitsere Balti kaitsekolled\u017ei \u00fclemana, kaitsnud riiklikke huve ata\u0161eena Ameerika \u00dchendriikides ja esindanud [&hellip;]<\/p>\n","protected":false},"author":6,"featured_media":1114,"comment_status":"closed","ping_status":"open","sticky":false,"template":"","format":"standard","meta":{"_acf_changed":false,"footnotes":""},"categories":[1],"tags":[],"class_list":["post-1524","post","type-post","status-publish","format-standard","has-post-thumbnail","hentry","category-maaratlemata"],"acf":[],"yoast_head":"<!-- This site is optimized with the Yoast SEO plugin v27.5 - https:\/\/yoast.com\/product\/yoast-seo-wordpress\/ -->\n<title>Kindralmajor Meelis Kiili liitus Reformierakonnaga ja kandideerib valimistel | Reformierakond | Riigikogu valimised 2023<\/title>\n<meta name=\"description\" content=\"Pikaaegne Kaitseliidu \u00fclem, kindralmajor reservis Meelis Kiili liitus Reformierakonnaga ja kandideerib m\u00e4rtsis toimuvatel Riigikogu valimistel\" \/>\n<meta name=\"robots\" content=\"index, follow, max-snippet:-1, max-image-preview:large, max-video-preview:-1\" \/>\n<link rel=\"canonical\" href=\"https:\/\/reform.ee\/riigikogu-valimised-2023\/ida-virumaa\/uudis\/kindralmajor-meelis-kiili-liitus-reformierakonnaga-ja-kandideerib-valimistel\/\" \/>\n<meta property=\"og:locale\" content=\"en_US\" \/>\n<meta property=\"og:type\" content=\"article\" \/>\n<meta property=\"og:title\" content=\"Kindralmajor Meelis Kiili liitus Reformierakonnaga ja kandideerib valimistel | Reformierakond | Riigikogu valimised 2023\" \/>\n<meta property=\"og:description\" content=\"Pikaaegne Kaitseliidu \u00fclem, kindralmajor reservis Meelis Kiili liitus Reformierakonnaga ja kandideerib m\u00e4rtsis toimuvatel Riigikogu valimistel\" \/>\n<meta property=\"og:url\" content=\"https:\/\/reform.ee\/riigikogu-valimised-2023\/ida-virumaa\/uudis\/kindralmajor-meelis-kiili-liitus-reformierakonnaga-ja-kandideerib-valimistel\/\" \/>\n<meta property=\"og:site_name\" content=\"Riigikogu valimised 2023\" \/>\n<meta property=\"article:publisher\" content=\"https:\/\/www.facebook.com\/reformierakond\" \/>\n<meta property=\"article:published_time\" content=\"2022-11-03T20:16:00+00:00\" \/>\n<meta property=\"article:modified_time\" content=\"2023-05-08T12:17:12+00:00\" \/>\n<meta property=\"og:image\" content=\"https:\/\/reform.ee\/riigikogu-valimised-2023\/wp-content\/uploads\/2022\/12\/Meelis_Kiili_vaike_riigikogu_valimised_2023.png\" \/>\n\t<meta property=\"og:image:width\" content=\"1024\" \/>\n\t<meta property=\"og:image:height\" content=\"682\" \/>\n\t<meta property=\"og:image:type\" content=\"image\/png\" \/>\n<meta name=\"author\" content=\"Kristofer Rennel\" \/>\n<meta name=\"twitter:card\" content=\"summary_large_image\" \/>\n<meta name=\"twitter:creator\" content=\"@reformikad\" \/>\n<meta name=\"twitter:site\" content=\"@reformikad\" \/>\n<meta name=\"twitter:label1\" content=\"Written by\" \/>\n\t<meta name=\"twitter:data1\" content=\"Kristofer Rennel\" \/>\n\t<meta name=\"twitter:label2\" content=\"Est. reading time\" \/>\n\t<meta name=\"twitter:data2\" content=\"2 minutes\" \/>\n<script type=\"application\/ld+json\" class=\"yoast-schema-graph\">{\"@context\":\"https:\\\/\\\/schema.org\",\"@graph\":[{\"@type\":\"Article\",\"@id\":\"https:\\\/\\\/reform.ee\\\/riigikogu-valimised-2023\\\/ida-virumaa\\\/uudis\\\/kindralmajor-meelis-kiili-liitus-reformierakonnaga-ja-kandideerib-valimistel\\\/#article\",\"isPartOf\":{\"@id\":\"https:\\\/\\\/reform.ee\\\/riigikogu-valimised-2023\\\/ida-virumaa\\\/uudis\\\/kindralmajor-meelis-kiili-liitus-reformierakonnaga-ja-kandideerib-valimistel\\\/\"},\"author\":{\"name\":\"Kristofer Rennel\",\"@id\":\"https:\\\/\\\/reform.ee\\\/riigikogu-valimised-2023\\\/#\\\/schema\\\/person\\\/4bef389f0f042a7a689ceb38807e0bb6\"},\"headline\":\"Kindralmajor Meelis Kiili liitus Reformierakonnaga ja kandideerib valimistel\",\"datePublished\":\"2022-11-03T20:16:00+00:00\",\"dateModified\":\"2023-05-08T12:17:12+00:00\",\"mainEntityOfPage\":{\"@id\":\"https:\\\/\\\/reform.ee\\\/riigikogu-valimised-2023\\\/ida-virumaa\\\/uudis\\\/kindralmajor-meelis-kiili-liitus-reformierakonnaga-ja-kandideerib-valimistel\\\/\"},\"wordCount\":288,\"image\":{\"@id\":\"https:\\\/\\\/reform.ee\\\/riigikogu-valimised-2023\\\/ida-virumaa\\\/uudis\\\/kindralmajor-meelis-kiili-liitus-reformierakonnaga-ja-kandideerib-valimistel\\\/#primaryimage\"},\"thumbnailUrl\":\"https:\\\/\\\/reform.ee\\\/riigikogu-valimised-2023\\\/wp-content\\\/uploads\\\/2022\\\/12\\\/Meelis_Kiili_vaike_riigikogu_valimised_2023.png\",\"articleSection\":[\"M\u00e4\u00e4ratlemata\"],\"inLanguage\":\"en\"},{\"@type\":\"WebPage\",\"@id\":\"https:\\\/\\\/reform.ee\\\/riigikogu-valimised-2023\\\/ida-virumaa\\\/uudis\\\/kindralmajor-meelis-kiili-liitus-reformierakonnaga-ja-kandideerib-valimistel\\\/\",\"url\":\"https:\\\/\\\/reform.ee\\\/riigikogu-valimised-2023\\\/ida-virumaa\\\/uudis\\\/kindralmajor-meelis-kiili-liitus-reformierakonnaga-ja-kandideerib-valimistel\\\/\",\"name\":\"Kindralmajor Meelis Kiili liitus Reformierakonnaga ja kandideerib valimistel | Reformierakond | Riigikogu valimised 2023\",\"isPartOf\":{\"@id\":\"https:\\\/\\\/reform.ee\\\/riigikogu-valimised-2023\\\/#website\"},\"primaryImageOfPage\":{\"@id\":\"https:\\\/\\\/reform.ee\\\/riigikogu-valimised-2023\\\/ida-virumaa\\\/uudis\\\/kindralmajor-meelis-kiili-liitus-reformierakonnaga-ja-kandideerib-valimistel\\\/#primaryimage\"},\"image\":{\"@id\":\"https:\\\/\\\/reform.ee\\\/riigikogu-valimised-2023\\\/ida-virumaa\\\/uudis\\\/kindralmajor-meelis-kiili-liitus-reformierakonnaga-ja-kandideerib-valimistel\\\/#primaryimage\"},\"thumbnailUrl\":\"https:\\\/\\\/reform.ee\\\/riigikogu-valimised-2023\\\/wp-content\\\/uploads\\\/2022\\\/12\\\/Meelis_Kiili_vaike_riigikogu_valimised_2023.png\",\"datePublished\":\"2022-11-03T20:16:00+00:00\",\"dateModified\":\"2023-05-08T12:17:12+00:00\",\"author\":{\"@id\":\"https:\\\/\\\/reform.ee\\\/riigikogu-valimised-2023\\\/#\\\/schema\\\/person\\\/4bef389f0f042a7a689ceb38807e0bb6\"},\"description\":\"Pikaaegne Kaitseliidu \u00fclem, kindralmajor reservis Meelis Kiili liitus Reformierakonnaga ja kandideerib m\u00e4rtsis toimuvatel Riigikogu valimistel\",\"breadcrumb\":{\"@id\":\"https:\\\/\\\/reform.ee\\\/riigikogu-valimised-2023\\\/ida-virumaa\\\/uudis\\\/kindralmajor-meelis-kiili-liitus-reformierakonnaga-ja-kandideerib-valimistel\\\/#breadcrumb\"},\"inLanguage\":\"en\",\"potentialAction\":[{\"@type\":\"ReadAction\",\"target\":[\"https:\\\/\\\/reform.ee\\\/riigikogu-valimised-2023\\\/ida-virumaa\\\/uudis\\\/kindralmajor-meelis-kiili-liitus-reformierakonnaga-ja-kandideerib-valimistel\\\/\"]}]},{\"@type\":\"ImageObject\",\"inLanguage\":\"en\",\"@id\":\"https:\\\/\\\/reform.ee\\\/riigikogu-valimised-2023\\\/ida-virumaa\\\/uudis\\\/kindralmajor-meelis-kiili-liitus-reformierakonnaga-ja-kandideerib-valimistel\\\/#primaryimage\",\"url\":\"https:\\\/\\\/reform.ee\\\/riigikogu-valimised-2023\\\/wp-content\\\/uploads\\\/2022\\\/12\\\/Meelis_Kiili_vaike_riigikogu_valimised_2023.png\",\"contentUrl\":\"https:\\\/\\\/reform.ee\\\/riigikogu-valimised-2023\\\/wp-content\\\/uploads\\\/2022\\\/12\\\/Meelis_Kiili_vaike_riigikogu_valimised_2023.png\",\"width\":1024,\"height\":682,\"caption\":\"Meelis Kiili Riigikogu valimised 2023\"},{\"@type\":\"BreadcrumbList\",\"@id\":\"https:\\\/\\\/reform.ee\\\/riigikogu-valimised-2023\\\/ida-virumaa\\\/uudis\\\/kindralmajor-meelis-kiili-liitus-reformierakonnaga-ja-kandideerib-valimistel\\\/#breadcrumb\",\"itemListElement\":[{\"@type\":\"ListItem\",\"position\":1,\"name\":\"Home\",\"item\":\"https:\\\/\\\/reform.ee\\\/riigikogu-valimised-2023\\\/\"},{\"@type\":\"ListItem\",\"position\":2,\"name\":\"Kindralmajor Meelis Kiili liitus Reformierakonnaga ja kandideerib valimistel\"}]},{\"@type\":\"WebSite\",\"@id\":\"https:\\\/\\\/reform.ee\\\/riigikogu-valimised-2023\\\/#website\",\"url\":\"https:\\\/\\\/reform.ee\\\/riigikogu-valimised-2023\\\/\",\"name\":\"Riigikogu valimised 2023\",\"description\":\"Reformierakond\",\"potentialAction\":[{\"@type\":\"SearchAction\",\"target\":{\"@type\":\"EntryPoint\",\"urlTemplate\":\"https:\\\/\\\/reform.ee\\\/riigikogu-valimised-2023\\\/?s={search_term_string}\"},\"query-input\":{\"@type\":\"PropertyValueSpecification\",\"valueRequired\":true,\"valueName\":\"search_term_string\"}}],\"inLanguage\":\"en\"},{\"@type\":\"Person\",\"@id\":\"https:\\\/\\\/reform.ee\\\/riigikogu-valimised-2023\\\/#\\\/schema\\\/person\\\/4bef389f0f042a7a689ceb38807e0bb6\",\"name\":\"Kristofer Rennel\",\"image\":{\"@type\":\"ImageObject\",\"inLanguage\":\"en\",\"@id\":\"https:\\\/\\\/secure.gravatar.com\\\/avatar\\\/a088e700647ea1b94a9bd0e427ed487668978dcb83348cd81a729335df378801?s=96&d=mm&r=g\",\"url\":\"https:\\\/\\\/secure.gravatar.com\\\/avatar\\\/a088e700647ea1b94a9bd0e427ed487668978dcb83348cd81a729335df378801?s=96&d=mm&r=g\",\"contentUrl\":\"https:\\\/\\\/secure.gravatar.com\\\/avatar\\\/a088e700647ea1b94a9bd0e427ed487668978dcb83348cd81a729335df378801?s=96&d=mm&r=g\",\"caption\":\"Kristofer Rennel\"}}]}<\/script>\n<!-- \/ Yoast SEO plugin. -->","yoast_head_json":{"title":"Kindralmajor Meelis Kiili liitus Reformierakonnaga ja kandideerib valimistel | Reformierakond | Riigikogu valimised 2023","description":"Pikaaegne Kaitseliidu \u00fclem, kindralmajor reservis Meelis Kiili liitus Reformierakonnaga ja kandideerib m\u00e4rtsis toimuvatel Riigikogu valimistel","robots":{"index":"index","follow":"follow","max-snippet":"max-snippet:-1","max-image-preview":"max-image-preview:large","max-video-preview":"max-video-preview:-1"},"canonical":"https:\/\/reform.ee\/riigikogu-valimised-2023\/ida-virumaa\/uudis\/kindralmajor-meelis-kiili-liitus-reformierakonnaga-ja-kandideerib-valimistel\/","og_locale":"en_US","og_type":"article","og_title":"Kindralmajor Meelis Kiili liitus Reformierakonnaga ja kandideerib valimistel | Reformierakond | Riigikogu valimised 2023","og_description":"Pikaaegne Kaitseliidu \u00fclem, kindralmajor reservis Meelis Kiili liitus Reformierakonnaga ja kandideerib m\u00e4rtsis toimuvatel Riigikogu valimistel","og_url":"https:\/\/reform.ee\/riigikogu-valimised-2023\/ida-virumaa\/uudis\/kindralmajor-meelis-kiili-liitus-reformierakonnaga-ja-kandideerib-valimistel\/","og_site_name":"Riigikogu valimised 2023","article_publisher":"https:\/\/www.facebook.com\/reformierakond","article_published_time":"2022-11-03T20:16:00+00:00","article_modified_time":"2023-05-08T12:17:12+00:00","og_image":[{"width":1024,"height":682,"url":"https:\/\/reform.ee\/riigikogu-valimised-2023\/wp-content\/uploads\/2022\/12\/Meelis_Kiili_vaike_riigikogu_valimised_2023.png","type":"image\/png"}],"author":"Kristofer Rennel","twitter_card":"summary_large_image","twitter_creator":"@reformikad","twitter_site":"@reformikad","twitter_misc":{"Written by":"Kristofer Rennel","Est. reading time":"2 minutes"},"schema":{"@context":"https:\/\/schema.org","@graph":[{"@type":"Article","@id":"https:\/\/reform.ee\/riigikogu-valimised-2023\/ida-virumaa\/uudis\/kindralmajor-meelis-kiili-liitus-reformierakonnaga-ja-kandideerib-valimistel\/#article","isPartOf":{"@id":"https:\/\/reform.ee\/riigikogu-valimised-2023\/ida-virumaa\/uudis\/kindralmajor-meelis-kiili-liitus-reformierakonnaga-ja-kandideerib-valimistel\/"},"author":{"name":"Kristofer Rennel","@id":"https:\/\/reform.ee\/riigikogu-valimised-2023\/#\/schema\/person\/4bef389f0f042a7a689ceb38807e0bb6"},"headline":"Kindralmajor Meelis Kiili liitus Reformierakonnaga ja kandideerib valimistel","datePublished":"2022-11-03T20:16:00+00:00","dateModified":"2023-05-08T12:17:12+00:00","mainEntityOfPage":{"@id":"https:\/\/reform.ee\/riigikogu-valimised-2023\/ida-virumaa\/uudis\/kindralmajor-meelis-kiili-liitus-reformierakonnaga-ja-kandideerib-valimistel\/"},"wordCount":288,"image":{"@id":"https:\/\/reform.ee\/riigikogu-valimised-2023\/ida-virumaa\/uudis\/kindralmajor-meelis-kiili-liitus-reformierakonnaga-ja-kandideerib-valimistel\/#primaryimage"},"thumbnailUrl":"https:\/\/reform.ee\/riigikogu-valimised-2023\/wp-content\/uploads\/2022\/12\/Meelis_Kiili_vaike_riigikogu_valimised_2023.png","articleSection":["M\u00e4\u00e4ratlemata"],"inLanguage":"en"},{"@type":"WebPage","@id":"https:\/\/reform.ee\/riigikogu-valimised-2023\/ida-virumaa\/uudis\/kindralmajor-meelis-kiili-liitus-reformierakonnaga-ja-kandideerib-valimistel\/","url":"https:\/\/reform.ee\/riigikogu-valimised-2023\/ida-virumaa\/uudis\/kindralmajor-meelis-kiili-liitus-reformierakonnaga-ja-kandideerib-valimistel\/","name":"Kindralmajor Meelis Kiili liitus Reformierakonnaga ja kandideerib valimistel | Reformierakond | Riigikogu valimised 2023","isPartOf":{"@id":"https:\/\/reform.ee\/riigikogu-valimised-2023\/#website"},"primaryImageOfPage":{"@id":"https:\/\/reform.ee\/riigikogu-valimised-2023\/ida-virumaa\/uudis\/kindralmajor-meelis-kiili-liitus-reformierakonnaga-ja-kandideerib-valimistel\/#primaryimage"},"image":{"@id":"https:\/\/reform.ee\/riigikogu-valimised-2023\/ida-virumaa\/uudis\/kindralmajor-meelis-kiili-liitus-reformierakonnaga-ja-kandideerib-valimistel\/#primaryimage"},"thumbnailUrl":"https:\/\/reform.ee\/riigikogu-valimised-2023\/wp-content\/uploads\/2022\/12\/Meelis_Kiili_vaike_riigikogu_valimised_2023.png","datePublished":"2022-11-03T20:16:00+00:00","dateModified":"2023-05-08T12:17:12+00:00","author":{"@id":"https:\/\/reform.ee\/riigikogu-valimised-2023\/#\/schema\/person\/4bef389f0f042a7a689ceb38807e0bb6"},"description":"Pikaaegne Kaitseliidu \u00fclem, kindralmajor reservis Meelis Kiili liitus Reformierakonnaga ja kandideerib m\u00e4rtsis toimuvatel Riigikogu valimistel","breadcrumb":{"@id":"https:\/\/reform.ee\/riigikogu-valimised-2023\/ida-virumaa\/uudis\/kindralmajor-meelis-kiili-liitus-reformierakonnaga-ja-kandideerib-valimistel\/#breadcrumb"},"inLanguage":"en","potentialAction":[{"@type":"ReadAction","target":["https:\/\/reform.ee\/riigikogu-valimised-2023\/ida-virumaa\/uudis\/kindralmajor-meelis-kiili-liitus-reformierakonnaga-ja-kandideerib-valimistel\/"]}]},{"@type":"ImageObject","inLanguage":"en","@id":"https:\/\/reform.ee\/riigikogu-valimised-2023\/ida-virumaa\/uudis\/kindralmajor-meelis-kiili-liitus-reformierakonnaga-ja-kandideerib-valimistel\/#primaryimage","url":"https:\/\/reform.ee\/riigikogu-valimised-2023\/wp-content\/uploads\/2022\/12\/Meelis_Kiili_vaike_riigikogu_valimised_2023.png","contentUrl":"https:\/\/reform.ee\/riigikogu-valimised-2023\/wp-content\/uploads\/2022\/12\/Meelis_Kiili_vaike_riigikogu_valimised_2023.png","width":1024,"height":682,"caption":"Meelis Kiili Riigikogu valimised 2023"},{"@type":"BreadcrumbList","@id":"https:\/\/reform.ee\/riigikogu-valimised-2023\/ida-virumaa\/uudis\/kindralmajor-meelis-kiili-liitus-reformierakonnaga-ja-kandideerib-valimistel\/#breadcrumb","itemListElement":[{"@type":"ListItem","position":1,"name":"Home","item":"https:\/\/reform.ee\/riigikogu-valimised-2023\/"},{"@type":"ListItem","position":2,"name":"Kindralmajor Meelis Kiili liitus Reformierakonnaga ja kandideerib valimistel"}]},{"@type":"WebSite","@id":"https:\/\/reform.ee\/riigikogu-valimised-2023\/#website","url":"https:\/\/reform.ee\/riigikogu-valimised-2023\/","name":"Riigikogu valimised 2023","description":"Reformierakond","potentialAction":[{"@type":"SearchAction","target":{"@type":"EntryPoint","urlTemplate":"https:\/\/reform.ee\/riigikogu-valimised-2023\/?s={search_term_string}"},"query-input":{"@type":"PropertyValueSpecification","valueRequired":true,"valueName":"search_term_string"}}],"inLanguage":"en"},{"@type":"Person","@id":"https:\/\/reform.ee\/riigikogu-valimised-2023\/#\/schema\/person\/4bef389f0f042a7a689ceb38807e0bb6","name":"Kristofer Rennel","image":{"@type":"ImageObject","inLanguage":"en","@id":"https:\/\/secure.gravatar.com\/avatar\/a088e700647ea1b94a9bd0e427ed487668978dcb83348cd81a729335df378801?s=96&d=mm&r=g","url":"https:\/\/secure.gravatar.com\/avatar\/a088e700647ea1b94a9bd0e427ed487668978dcb83348cd81a729335df378801?s=96&d=mm&r=g","contentUrl":"https:\/\/secure.gravatar.com\/avatar\/a088e700647ea1b94a9bd0e427ed487668978dcb83348cd81a729335df378801?s=96&d=mm&r=g","caption":"Kristofer Rennel"}}]}},"_links":{"self":[{"href":"https:\/\/reform.ee\/riigikogu-valimised-2023\/wp-json\/wp\/v2\/posts\/1524","targetHints":{"allow":["GET"]}}],"collection":[{"href":"https:\/\/reform.ee\/riigikogu-valimised-2023\/wp-json\/wp\/v2\/posts"}],"about":[{"href":"https:\/\/reform.ee\/riigikogu-valimised-2023\/wp-json\/wp\/v2\/types\/post"}],"author":[{"embeddable":true,"href":"https:\/\/reform.ee\/riigikogu-valimised-2023\/wp-json\/wp\/v2\/users\/6"}],"replies":[{"embeddable":true,"href":"https:\/\/reform.ee\/riigikogu-valimised-2023\/wp-json\/wp\/v2\/comments?post=1524"}],"version-history":[{"count":2,"href":"https:\/\/reform.ee\/riigikogu-valimised-2023\/wp-json\/wp\/v2\/posts\/1524\/revisions"}],"predecessor-version":[{"id":1526,"href":"https:\/\/reform.ee\/riigikogu-valimised-2023\/wp-json\/wp\/v2\/posts\/1524\/revisions\/1526"}],"wp:featuredmedia":[{"embeddable":true,"href":"https:\/\/reform.ee\/riigikogu-valimised-2023\/wp-json\/wp\/v2\/media\/1114"}],"wp:attachment":[{"href":"https:\/\/reform.ee\/riigikogu-valimised-2023\/wp-json\/wp\/v2\/media?parent=1524"}],"wp:term":[{"taxonomy":"category","embeddable":true,"href":"https:\/\/reform.ee\/riigikogu-valimised-2023\/wp-json\/wp\/v2\/categories?post=1524"},{"taxonomy":"post_tag","embeddable":true,"href":"https:\/\/reform.ee\/riigikogu-valimised-2023\/wp-json\/wp\/v2\/tags?post=1524"}],"curies":[{"name":"wp","href":"https:\/\/api.w.org\/{rel}","templated":true}]}}