{"id":1503,"date":"2022-11-17T22:07:00","date_gmt":"2022-11-17T20:07:00","guid":{"rendered":"https:\/\/reform.ee\/riigikogu-valimised-2023\/?p=1503"},"modified":"2023-05-08T15:17:11","modified_gmt":"2023-05-08T12:17:11","slug":"mart-vorklaev-astmeline-tulumaks-karistab-edasipuudlikkust","status":"publish","type":"post","link":"https:\/\/reform.ee\/riigikogu-valimised-2023\/harju-ja-raplamaa\/uudis\/mart-vorklaev-astmeline-tulumaks-karistab-edasipuudlikkust\/","title":{"rendered":"Mart V\u00f5rklaev: astmeline tulumaks karistab edasip\u00fc\u00fcdlikkust"},"content":{"rendered":"\n<p>Vastuseks Reformierakonna valimislubadusele kehtestada 700-eurone tulumaksuvabastus k\u00f5igile Eesti inimestele, t\u00f5mbas Keskerakond k\u00e4ima oma vana virina, et see on \u00abkingitus\u00bb k\u00f5ige j\u00f5ukamatele.<\/p>\n\n\n\n<p>Paraku ei ole Keskerakond ise kasutanud v\u00f5imalust oma 1200 \u2013 2100 euro suurust maksuk\u00e4kki aastate jooksul v\u00e4hegi reformida, nii et t\u00e4na ei ole kannata all enam mitte rikkad, vaid t\u00e4itesti tavalised Eesti inimesed \u2013 \u00f5petajad, p\u00e4\u00e4stjad, politseinikud, meditsiini- ja kultuurit\u00f6\u00f6tajad.<\/p>\n\n\n\n<p>Valitsus teeb suuri pingutusi nende inimeste palkade t\u00f5stmiseks, aga Keskerakonna maksuaste v\u00f5tab nende palgat\u00f5usust iga kolmanda euro.<\/p>\n\n\n\n<p><strong>M\u00f5ned n\u00e4ited<\/strong><\/p>\n\n\n\n<p>K\u00f5rgharidusega kultuurit\u00f6\u00f6taja miinimumpalk t\u00f5useb j\u00e4rgmisel aastal 1600 euroni. Maksuk\u00fc\u00fcru kaotamine ja tulumaksuvaba miinimumi t\u00f5us j\u00e4taks k\u00f5rgharidusega kultuurit\u00f6\u00f6tajale kuus t\u00e4iendavalt k\u00e4tte 84 eurot ehk 1008 eurot aastas.<\/p>\n\n\n\n<p>Politseiniku miinimumpalk on 2023. aastast alates 1849 eurot, Reformierakonna keskklassi maksuvabastus t\u00e4hendaks politseinikule 112 eurot rohkem k\u00e4tte, aastas teeb see 1344 eurot.<\/p>\n\n\n\n<p>\u00d5petajate arvestuslik keskmine palk t\u00f5useb 2023. aastal 2048 euroni. Reformierakonna maksus\u00fcsteemiga saaks sellist palka saavale \u00f5petaja t\u00e4iendavad 134 eurot palgat\u00f5usu, aastapalga t\u00f5us 1608 eurot.<\/p>\n\n\n\n<p>Vaevalt, et need inimesed peavad ennast \u00abk\u00f5ige j\u00f5ukamateks, kelle basseinid ja m\u00f5isad vajavad k\u00fctmist\u00bb nagu \u00fctleb Taavi Aas.<\/p>\n\n\n\n<p>Jah, muidugi t\u00e4hendab k\u00f5igile inimestele 700-eurose tulumaksuvabastuse andmine, et selle saavad tagasi ka k\u00f5ige k\u00f5rgemat palka saavad inimesed, kellele j\u00e4\u00e4b kuus samuti 140 eurot rohkem k\u00e4tte. Reformierakonna n\u00e4gemuses ongi see \u00f5iglane.<\/p>\n\n\n\n<p><strong>Keskerakond karistab edasip\u00fc\u00fcdlikkust<\/strong><\/p>\n\n\n\n<p>Me toetame seda, et v\u00e4iksemapalgalistelt inimestelt pole m\u00f5istlik tulumaksuga raha kokku korjata, et seda siis toetustena tagasi maksta. Aga k\u00f5igil \u00fclej\u00e4\u00e4nute puhul on \u00f5iglane see, et me v\u00f5tame neilt tulumaksu v\u00f5rdselt, iga viienda euro ehk 20%. Absoluutsummas maksavad rohkem teenivad inimesed ju niikuinii rohkem tulumaksu ja tulumaksuvabale miinimumi t\u00f5ttu on ka nende maksum\u00e4\u00e4r k\u00f5rgem<\/p>\n\n\n\n<p>Toon n\u00e4ite:<\/p>\n\n\n\n<p>1500 eurot teeniv inimene maksaks Reformierakonna maksus\u00fcsteemiga iga kuu tulumaksu umbes 160 eurot ehk ca 10% oma sissetulekust.<br>Samal ajal 15 000 teeniv inimene maksab tulumaksuks 2860 eurot ehk maksu osakaal tema palgast on ligikaudu 19%.<\/p>\n\n\n\n<p>Keskerakondlased pahandavad ka, et see lubadus j\u00e4tab inimestele k\u00e4tte 340 miljonit eurot.<\/p>\n\n\n\n<p>Jah, me oleme teadlikud, et tegemist on m\u00f5juka ja mahuka sammuga, aga me oleme t\u00e4iesti veendunud, et Eesti majandust kasvatades ja kokkuhoidlikult majandades, on see v\u00f5imalik eelarvesse mahutada tuleviku arvelt v\u00f5lgu v\u00f5tmata, nagu Reformierakond on seni Eesti valitsemisel ka teinud. Ma loodan, et ka teised erakonnad j\u00e4rgivad seda eeskuju, kus suurte valimislubaduste v\u00e4lja\u00fctlemisel on hinnatud ka nende m\u00f5ju riigieelarvele.<\/p>\n\n\n\n<p>Taavi Aas \u00fctleb oma loo l\u00f5petuseks, et Keskerakond plaanib taas v\u00e4lja tulla astmelise tulumaksu kehtestamise plaaniga. Sellele ideele saab soovitada ainult p\u00e4rituult purjedesse.<\/p>\n\n\n\n<p>Eesti valijad pole p\u00e4rast 1994. aastast saadik, kui meil \u00fchetaoline tulumaks kehtima hakkas, astmelise tulumaksule kunagi nii palju h\u00e4\u00e4li andnud, et seda toetavatest erakondadest saaks valitsuse kokku panna.<\/p>\n\n\n\n<p>Astmeline tulumaks karistab edasip\u00fc\u00fcdlikust ja v\u00e4hendab motivatsiooni oma k\u00f5rgeid sissetulekuid ausalt deklareerida. Olen p\u00e4ris kindel, et ka seekord see plaan Keskerakonnale \u00f5nne ei too.<\/p>\n","protected":false},"excerpt":{"rendered":"<p>Vastuseks Reformierakonna valimislubadusele kehtestada 700-eurone tulumaksuvabastus k\u00f5igile Eesti inimestele, t\u00f5mbas Keskerakond k\u00e4ima oma vana virina, et see on \u00abkingitus\u00bb k\u00f5ige j\u00f5ukamatele. Paraku ei ole Keskerakond ise kasutanud v\u00f5imalust oma 1200 \u2013 2100 euro suurust maksuk\u00e4kki aastate jooksul v\u00e4hegi reformida, nii et t\u00e4na ei ole kannata all enam mitte rikkad, vaid t\u00e4itesti tavalised Eesti inimesed \u2013 [&hellip;]<\/p>\n","protected":false},"author":6,"featured_media":1236,"comment_status":"closed","ping_status":"open","sticky":false,"template":"","format":"standard","meta":{"_acf_changed":false,"footnotes":""},"categories":[1],"tags":[],"class_list":["post-1503","post","type-post","status-publish","format-standard","has-post-thumbnail","hentry","category-maaratlemata"],"acf":[],"yoast_head":"<!-- This site is optimized with the Yoast SEO plugin v27.4 - https:\/\/yoast.com\/product\/yoast-seo-wordpress\/ -->\n<title>Mart V\u00f5rklaev: astmeline tulumaks karistab edasip\u00fc\u00fcdlikkust | Reformierakond | Riigikogu valimised 2023<\/title>\n<meta name=\"description\" content=\"Vastuseks Reformierakonna valimislubadusele kehtestada 700-eurone tulumaksuvabastus k\u00f5igile Eesti inimestele, t\u00f5mbas Keskerakond k\u00e4ima oma vana virina, et\" \/>\n<meta name=\"robots\" content=\"index, follow, max-snippet:-1, max-image-preview:large, max-video-preview:-1\" \/>\n<link rel=\"canonical\" href=\"https:\/\/reform.ee\/riigikogu-valimised-2023\/harju-ja-raplamaa\/uudis\/mart-vorklaev-astmeline-tulumaks-karistab-edasipuudlikkust\/\" \/>\n<meta property=\"og:locale\" content=\"en_US\" \/>\n<meta property=\"og:type\" content=\"article\" \/>\n<meta property=\"og:title\" content=\"Mart V\u00f5rklaev: astmeline tulumaks karistab edasip\u00fc\u00fcdlikkust | Reformierakond | Riigikogu valimised 2023\" \/>\n<meta property=\"og:description\" content=\"Vastuseks Reformierakonna valimislubadusele kehtestada 700-eurone tulumaksuvabastus k\u00f5igile Eesti inimestele, t\u00f5mbas Keskerakond k\u00e4ima oma vana virina, et\" \/>\n<meta property=\"og:url\" content=\"https:\/\/reform.ee\/riigikogu-valimised-2023\/harju-ja-raplamaa\/uudis\/mart-vorklaev-astmeline-tulumaks-karistab-edasipuudlikkust\/\" \/>\n<meta property=\"og:site_name\" content=\"Riigikogu valimised 2023\" \/>\n<meta property=\"article:publisher\" content=\"https:\/\/www.facebook.com\/reformierakond\" \/>\n<meta property=\"article:published_time\" content=\"2022-11-17T20:07:00+00:00\" \/>\n<meta property=\"article:modified_time\" content=\"2023-05-08T12:17:11+00:00\" \/>\n<meta property=\"og:image\" content=\"https:\/\/reform.ee\/riigikogu-valimised-2023\/wp-content\/uploads\/2022\/12\/Mart_Vorklaev_Riigikogu_valimised_2023-1.png\" \/>\n\t<meta property=\"og:image:width\" content=\"1024\" \/>\n\t<meta property=\"og:image:height\" content=\"683\" \/>\n\t<meta property=\"og:image:type\" content=\"image\/png\" \/>\n<meta name=\"author\" content=\"Kristofer Rennel\" \/>\n<meta name=\"twitter:card\" content=\"summary_large_image\" \/>\n<meta name=\"twitter:creator\" content=\"@reformikad\" \/>\n<meta name=\"twitter:site\" content=\"@reformikad\" \/>\n<meta name=\"twitter:label1\" content=\"Written by\" \/>\n\t<meta name=\"twitter:data1\" content=\"Kristofer Rennel\" \/>\n\t<meta name=\"twitter:label2\" content=\"Est. reading time\" \/>\n\t<meta name=\"twitter:data2\" content=\"2 minutes\" \/>\n<script type=\"application\/ld+json\" class=\"yoast-schema-graph\">{\"@context\":\"https:\\\/\\\/schema.org\",\"@graph\":[{\"@type\":\"Article\",\"@id\":\"https:\\\/\\\/reform.ee\\\/riigikogu-valimised-2023\\\/harju-ja-raplamaa\\\/uudis\\\/mart-vorklaev-astmeline-tulumaks-karistab-edasipuudlikkust\\\/#article\",\"isPartOf\":{\"@id\":\"https:\\\/\\\/reform.ee\\\/riigikogu-valimised-2023\\\/harju-ja-raplamaa\\\/uudis\\\/mart-vorklaev-astmeline-tulumaks-karistab-edasipuudlikkust\\\/\"},\"author\":{\"name\":\"Kristofer Rennel\",\"@id\":\"https:\\\/\\\/reform.ee\\\/riigikogu-valimised-2023\\\/#\\\/schema\\\/person\\\/4bef389f0f042a7a689ceb38807e0bb6\"},\"headline\":\"Mart V\u00f5rklaev: astmeline tulumaks karistab edasip\u00fc\u00fcdlikkust\",\"datePublished\":\"2022-11-17T20:07:00+00:00\",\"dateModified\":\"2023-05-08T12:17:11+00:00\",\"mainEntityOfPage\":{\"@id\":\"https:\\\/\\\/reform.ee\\\/riigikogu-valimised-2023\\\/harju-ja-raplamaa\\\/uudis\\\/mart-vorklaev-astmeline-tulumaks-karistab-edasipuudlikkust\\\/\"},\"wordCount\":502,\"image\":{\"@id\":\"https:\\\/\\\/reform.ee\\\/riigikogu-valimised-2023\\\/harju-ja-raplamaa\\\/uudis\\\/mart-vorklaev-astmeline-tulumaks-karistab-edasipuudlikkust\\\/#primaryimage\"},\"thumbnailUrl\":\"https:\\\/\\\/reform.ee\\\/riigikogu-valimised-2023\\\/wp-content\\\/uploads\\\/2022\\\/12\\\/Mart_Vorklaev_Riigikogu_valimised_2023-1.png\",\"articleSection\":[\"M\u00e4\u00e4ratlemata\"],\"inLanguage\":\"en\"},{\"@type\":\"WebPage\",\"@id\":\"https:\\\/\\\/reform.ee\\\/riigikogu-valimised-2023\\\/harju-ja-raplamaa\\\/uudis\\\/mart-vorklaev-astmeline-tulumaks-karistab-edasipuudlikkust\\\/\",\"url\":\"https:\\\/\\\/reform.ee\\\/riigikogu-valimised-2023\\\/harju-ja-raplamaa\\\/uudis\\\/mart-vorklaev-astmeline-tulumaks-karistab-edasipuudlikkust\\\/\",\"name\":\"Mart V\u00f5rklaev: astmeline tulumaks karistab edasip\u00fc\u00fcdlikkust | Reformierakond | Riigikogu valimised 2023\",\"isPartOf\":{\"@id\":\"https:\\\/\\\/reform.ee\\\/riigikogu-valimised-2023\\\/#website\"},\"primaryImageOfPage\":{\"@id\":\"https:\\\/\\\/reform.ee\\\/riigikogu-valimised-2023\\\/harju-ja-raplamaa\\\/uudis\\\/mart-vorklaev-astmeline-tulumaks-karistab-edasipuudlikkust\\\/#primaryimage\"},\"image\":{\"@id\":\"https:\\\/\\\/reform.ee\\\/riigikogu-valimised-2023\\\/harju-ja-raplamaa\\\/uudis\\\/mart-vorklaev-astmeline-tulumaks-karistab-edasipuudlikkust\\\/#primaryimage\"},\"thumbnailUrl\":\"https:\\\/\\\/reform.ee\\\/riigikogu-valimised-2023\\\/wp-content\\\/uploads\\\/2022\\\/12\\\/Mart_Vorklaev_Riigikogu_valimised_2023-1.png\",\"datePublished\":\"2022-11-17T20:07:00+00:00\",\"dateModified\":\"2023-05-08T12:17:11+00:00\",\"author\":{\"@id\":\"https:\\\/\\\/reform.ee\\\/riigikogu-valimised-2023\\\/#\\\/schema\\\/person\\\/4bef389f0f042a7a689ceb38807e0bb6\"},\"description\":\"Vastuseks Reformierakonna valimislubadusele kehtestada 700-eurone tulumaksuvabastus k\u00f5igile Eesti inimestele, t\u00f5mbas Keskerakond k\u00e4ima oma vana virina, et\",\"breadcrumb\":{\"@id\":\"https:\\\/\\\/reform.ee\\\/riigikogu-valimised-2023\\\/harju-ja-raplamaa\\\/uudis\\\/mart-vorklaev-astmeline-tulumaks-karistab-edasipuudlikkust\\\/#breadcrumb\"},\"inLanguage\":\"en\",\"potentialAction\":[{\"@type\":\"ReadAction\",\"target\":[\"https:\\\/\\\/reform.ee\\\/riigikogu-valimised-2023\\\/harju-ja-raplamaa\\\/uudis\\\/mart-vorklaev-astmeline-tulumaks-karistab-edasipuudlikkust\\\/\"]}]},{\"@type\":\"ImageObject\",\"inLanguage\":\"en\",\"@id\":\"https:\\\/\\\/reform.ee\\\/riigikogu-valimised-2023\\\/harju-ja-raplamaa\\\/uudis\\\/mart-vorklaev-astmeline-tulumaks-karistab-edasipuudlikkust\\\/#primaryimage\",\"url\":\"https:\\\/\\\/reform.ee\\\/riigikogu-valimised-2023\\\/wp-content\\\/uploads\\\/2022\\\/12\\\/Mart_Vorklaev_Riigikogu_valimised_2023-1.png\",\"contentUrl\":\"https:\\\/\\\/reform.ee\\\/riigikogu-valimised-2023\\\/wp-content\\\/uploads\\\/2022\\\/12\\\/Mart_Vorklaev_Riigikogu_valimised_2023-1.png\",\"width\":1024,\"height\":683,\"caption\":\"Mart V\u00f5rklaev Riigikogu valimised 2023\"},{\"@type\":\"BreadcrumbList\",\"@id\":\"https:\\\/\\\/reform.ee\\\/riigikogu-valimised-2023\\\/harju-ja-raplamaa\\\/uudis\\\/mart-vorklaev-astmeline-tulumaks-karistab-edasipuudlikkust\\\/#breadcrumb\",\"itemListElement\":[{\"@type\":\"ListItem\",\"position\":1,\"name\":\"Home\",\"item\":\"https:\\\/\\\/reform.ee\\\/riigikogu-valimised-2023\\\/\"},{\"@type\":\"ListItem\",\"position\":2,\"name\":\"Mart V\u00f5rklaev: astmeline tulumaks karistab edasip\u00fc\u00fcdlikkust\"}]},{\"@type\":\"WebSite\",\"@id\":\"https:\\\/\\\/reform.ee\\\/riigikogu-valimised-2023\\\/#website\",\"url\":\"https:\\\/\\\/reform.ee\\\/riigikogu-valimised-2023\\\/\",\"name\":\"Riigikogu valimised 2023\",\"description\":\"Reformierakond\",\"potentialAction\":[{\"@type\":\"SearchAction\",\"target\":{\"@type\":\"EntryPoint\",\"urlTemplate\":\"https:\\\/\\\/reform.ee\\\/riigikogu-valimised-2023\\\/?s={search_term_string}\"},\"query-input\":{\"@type\":\"PropertyValueSpecification\",\"valueRequired\":true,\"valueName\":\"search_term_string\"}}],\"inLanguage\":\"en\"},{\"@type\":\"Person\",\"@id\":\"https:\\\/\\\/reform.ee\\\/riigikogu-valimised-2023\\\/#\\\/schema\\\/person\\\/4bef389f0f042a7a689ceb38807e0bb6\",\"name\":\"Kristofer Rennel\",\"image\":{\"@type\":\"ImageObject\",\"inLanguage\":\"en\",\"@id\":\"https:\\\/\\\/secure.gravatar.com\\\/avatar\\\/a088e700647ea1b94a9bd0e427ed487668978dcb83348cd81a729335df378801?s=96&d=mm&r=g\",\"url\":\"https:\\\/\\\/secure.gravatar.com\\\/avatar\\\/a088e700647ea1b94a9bd0e427ed487668978dcb83348cd81a729335df378801?s=96&d=mm&r=g\",\"contentUrl\":\"https:\\\/\\\/secure.gravatar.com\\\/avatar\\\/a088e700647ea1b94a9bd0e427ed487668978dcb83348cd81a729335df378801?s=96&d=mm&r=g\",\"caption\":\"Kristofer Rennel\"}}]}<\/script>\n<!-- \/ Yoast SEO plugin. -->","yoast_head_json":{"title":"Mart V\u00f5rklaev: astmeline tulumaks karistab edasip\u00fc\u00fcdlikkust | Reformierakond | Riigikogu valimised 2023","description":"Vastuseks Reformierakonna valimislubadusele kehtestada 700-eurone tulumaksuvabastus k\u00f5igile Eesti inimestele, t\u00f5mbas Keskerakond k\u00e4ima oma vana virina, et","robots":{"index":"index","follow":"follow","max-snippet":"max-snippet:-1","max-image-preview":"max-image-preview:large","max-video-preview":"max-video-preview:-1"},"canonical":"https:\/\/reform.ee\/riigikogu-valimised-2023\/harju-ja-raplamaa\/uudis\/mart-vorklaev-astmeline-tulumaks-karistab-edasipuudlikkust\/","og_locale":"en_US","og_type":"article","og_title":"Mart V\u00f5rklaev: astmeline tulumaks karistab edasip\u00fc\u00fcdlikkust | Reformierakond | Riigikogu valimised 2023","og_description":"Vastuseks Reformierakonna valimislubadusele kehtestada 700-eurone tulumaksuvabastus k\u00f5igile Eesti inimestele, t\u00f5mbas Keskerakond k\u00e4ima oma vana virina, et","og_url":"https:\/\/reform.ee\/riigikogu-valimised-2023\/harju-ja-raplamaa\/uudis\/mart-vorklaev-astmeline-tulumaks-karistab-edasipuudlikkust\/","og_site_name":"Riigikogu valimised 2023","article_publisher":"https:\/\/www.facebook.com\/reformierakond","article_published_time":"2022-11-17T20:07:00+00:00","article_modified_time":"2023-05-08T12:17:11+00:00","og_image":[{"width":1024,"height":683,"url":"https:\/\/reform.ee\/riigikogu-valimised-2023\/wp-content\/uploads\/2022\/12\/Mart_Vorklaev_Riigikogu_valimised_2023-1.png","type":"image\/png"}],"author":"Kristofer Rennel","twitter_card":"summary_large_image","twitter_creator":"@reformikad","twitter_site":"@reformikad","twitter_misc":{"Written by":"Kristofer Rennel","Est. reading time":"2 minutes"},"schema":{"@context":"https:\/\/schema.org","@graph":[{"@type":"Article","@id":"https:\/\/reform.ee\/riigikogu-valimised-2023\/harju-ja-raplamaa\/uudis\/mart-vorklaev-astmeline-tulumaks-karistab-edasipuudlikkust\/#article","isPartOf":{"@id":"https:\/\/reform.ee\/riigikogu-valimised-2023\/harju-ja-raplamaa\/uudis\/mart-vorklaev-astmeline-tulumaks-karistab-edasipuudlikkust\/"},"author":{"name":"Kristofer Rennel","@id":"https:\/\/reform.ee\/riigikogu-valimised-2023\/#\/schema\/person\/4bef389f0f042a7a689ceb38807e0bb6"},"headline":"Mart V\u00f5rklaev: astmeline tulumaks karistab edasip\u00fc\u00fcdlikkust","datePublished":"2022-11-17T20:07:00+00:00","dateModified":"2023-05-08T12:17:11+00:00","mainEntityOfPage":{"@id":"https:\/\/reform.ee\/riigikogu-valimised-2023\/harju-ja-raplamaa\/uudis\/mart-vorklaev-astmeline-tulumaks-karistab-edasipuudlikkust\/"},"wordCount":502,"image":{"@id":"https:\/\/reform.ee\/riigikogu-valimised-2023\/harju-ja-raplamaa\/uudis\/mart-vorklaev-astmeline-tulumaks-karistab-edasipuudlikkust\/#primaryimage"},"thumbnailUrl":"https:\/\/reform.ee\/riigikogu-valimised-2023\/wp-content\/uploads\/2022\/12\/Mart_Vorklaev_Riigikogu_valimised_2023-1.png","articleSection":["M\u00e4\u00e4ratlemata"],"inLanguage":"en"},{"@type":"WebPage","@id":"https:\/\/reform.ee\/riigikogu-valimised-2023\/harju-ja-raplamaa\/uudis\/mart-vorklaev-astmeline-tulumaks-karistab-edasipuudlikkust\/","url":"https:\/\/reform.ee\/riigikogu-valimised-2023\/harju-ja-raplamaa\/uudis\/mart-vorklaev-astmeline-tulumaks-karistab-edasipuudlikkust\/","name":"Mart V\u00f5rklaev: astmeline tulumaks karistab edasip\u00fc\u00fcdlikkust | Reformierakond | Riigikogu valimised 2023","isPartOf":{"@id":"https:\/\/reform.ee\/riigikogu-valimised-2023\/#website"},"primaryImageOfPage":{"@id":"https:\/\/reform.ee\/riigikogu-valimised-2023\/harju-ja-raplamaa\/uudis\/mart-vorklaev-astmeline-tulumaks-karistab-edasipuudlikkust\/#primaryimage"},"image":{"@id":"https:\/\/reform.ee\/riigikogu-valimised-2023\/harju-ja-raplamaa\/uudis\/mart-vorklaev-astmeline-tulumaks-karistab-edasipuudlikkust\/#primaryimage"},"thumbnailUrl":"https:\/\/reform.ee\/riigikogu-valimised-2023\/wp-content\/uploads\/2022\/12\/Mart_Vorklaev_Riigikogu_valimised_2023-1.png","datePublished":"2022-11-17T20:07:00+00:00","dateModified":"2023-05-08T12:17:11+00:00","author":{"@id":"https:\/\/reform.ee\/riigikogu-valimised-2023\/#\/schema\/person\/4bef389f0f042a7a689ceb38807e0bb6"},"description":"Vastuseks Reformierakonna valimislubadusele kehtestada 700-eurone tulumaksuvabastus k\u00f5igile Eesti inimestele, t\u00f5mbas Keskerakond k\u00e4ima oma vana virina, et","breadcrumb":{"@id":"https:\/\/reform.ee\/riigikogu-valimised-2023\/harju-ja-raplamaa\/uudis\/mart-vorklaev-astmeline-tulumaks-karistab-edasipuudlikkust\/#breadcrumb"},"inLanguage":"en","potentialAction":[{"@type":"ReadAction","target":["https:\/\/reform.ee\/riigikogu-valimised-2023\/harju-ja-raplamaa\/uudis\/mart-vorklaev-astmeline-tulumaks-karistab-edasipuudlikkust\/"]}]},{"@type":"ImageObject","inLanguage":"en","@id":"https:\/\/reform.ee\/riigikogu-valimised-2023\/harju-ja-raplamaa\/uudis\/mart-vorklaev-astmeline-tulumaks-karistab-edasipuudlikkust\/#primaryimage","url":"https:\/\/reform.ee\/riigikogu-valimised-2023\/wp-content\/uploads\/2022\/12\/Mart_Vorklaev_Riigikogu_valimised_2023-1.png","contentUrl":"https:\/\/reform.ee\/riigikogu-valimised-2023\/wp-content\/uploads\/2022\/12\/Mart_Vorklaev_Riigikogu_valimised_2023-1.png","width":1024,"height":683,"caption":"Mart V\u00f5rklaev Riigikogu valimised 2023"},{"@type":"BreadcrumbList","@id":"https:\/\/reform.ee\/riigikogu-valimised-2023\/harju-ja-raplamaa\/uudis\/mart-vorklaev-astmeline-tulumaks-karistab-edasipuudlikkust\/#breadcrumb","itemListElement":[{"@type":"ListItem","position":1,"name":"Home","item":"https:\/\/reform.ee\/riigikogu-valimised-2023\/"},{"@type":"ListItem","position":2,"name":"Mart V\u00f5rklaev: astmeline tulumaks karistab edasip\u00fc\u00fcdlikkust"}]},{"@type":"WebSite","@id":"https:\/\/reform.ee\/riigikogu-valimised-2023\/#website","url":"https:\/\/reform.ee\/riigikogu-valimised-2023\/","name":"Riigikogu valimised 2023","description":"Reformierakond","potentialAction":[{"@type":"SearchAction","target":{"@type":"EntryPoint","urlTemplate":"https:\/\/reform.ee\/riigikogu-valimised-2023\/?s={search_term_string}"},"query-input":{"@type":"PropertyValueSpecification","valueRequired":true,"valueName":"search_term_string"}}],"inLanguage":"en"},{"@type":"Person","@id":"https:\/\/reform.ee\/riigikogu-valimised-2023\/#\/schema\/person\/4bef389f0f042a7a689ceb38807e0bb6","name":"Kristofer Rennel","image":{"@type":"ImageObject","inLanguage":"en","@id":"https:\/\/secure.gravatar.com\/avatar\/a088e700647ea1b94a9bd0e427ed487668978dcb83348cd81a729335df378801?s=96&d=mm&r=g","url":"https:\/\/secure.gravatar.com\/avatar\/a088e700647ea1b94a9bd0e427ed487668978dcb83348cd81a729335df378801?s=96&d=mm&r=g","contentUrl":"https:\/\/secure.gravatar.com\/avatar\/a088e700647ea1b94a9bd0e427ed487668978dcb83348cd81a729335df378801?s=96&d=mm&r=g","caption":"Kristofer Rennel"}}]}},"_links":{"self":[{"href":"https:\/\/reform.ee\/riigikogu-valimised-2023\/wp-json\/wp\/v2\/posts\/1503","targetHints":{"allow":["GET"]}}],"collection":[{"href":"https:\/\/reform.ee\/riigikogu-valimised-2023\/wp-json\/wp\/v2\/posts"}],"about":[{"href":"https:\/\/reform.ee\/riigikogu-valimised-2023\/wp-json\/wp\/v2\/types\/post"}],"author":[{"embeddable":true,"href":"https:\/\/reform.ee\/riigikogu-valimised-2023\/wp-json\/wp\/v2\/users\/6"}],"replies":[{"embeddable":true,"href":"https:\/\/reform.ee\/riigikogu-valimised-2023\/wp-json\/wp\/v2\/comments?post=1503"}],"version-history":[{"count":2,"href":"https:\/\/reform.ee\/riigikogu-valimised-2023\/wp-json\/wp\/v2\/posts\/1503\/revisions"}],"predecessor-version":[{"id":1505,"href":"https:\/\/reform.ee\/riigikogu-valimised-2023\/wp-json\/wp\/v2\/posts\/1503\/revisions\/1505"}],"wp:featuredmedia":[{"embeddable":true,"href":"https:\/\/reform.ee\/riigikogu-valimised-2023\/wp-json\/wp\/v2\/media\/1236"}],"wp:attachment":[{"href":"https:\/\/reform.ee\/riigikogu-valimised-2023\/wp-json\/wp\/v2\/media?parent=1503"}],"wp:term":[{"taxonomy":"category","embeddable":true,"href":"https:\/\/reform.ee\/riigikogu-valimised-2023\/wp-json\/wp\/v2\/categories?post=1503"},{"taxonomy":"post_tag","embeddable":true,"href":"https:\/\/reform.ee\/riigikogu-valimised-2023\/wp-json\/wp\/v2\/tags?post=1503"}],"curies":[{"name":"wp","href":"https:\/\/api.w.org\/{rel}","templated":true}]}}